{"id":158623,"date":"2018-08-30T16:48:30","date_gmt":"2018-08-30T13:48:30","guid":{"rendered":"https:\/\/www.sana.sy\/tr\/?p=158623"},"modified":"2018-08-30T16:48:30","modified_gmt":"2018-08-30T13:48:30","slug":"muallim-yedi-yildan-fazla-bir-suredir-radikal-teroru-edat-olarak-kullanip-suriye-ve-halkina-karsi-entrikalarda-bulunan-devletlerin-cozumu-engelleme-cabalarini-unutmanin-mumkun-olmadigini-ifade-etti","status":"publish","type":"post","link":"https:\/\/archive.sana.sy\/tr\/?p=158623","title":{"rendered":"Muallim yedi y\u0131ldan fazla bir s\u00fcredir radikal ter\u00f6r\u00fc edat olarak kullan\u0131p Suriye ve halk\u0131na kar\u015f\u0131 entrikalarda bulunan devletlerin \u00e7\u00f6z\u00fcm\u00fc engelleme \u00e7abalar\u0131n\u0131 unutman\u0131n m\u00fcmk\u00fcn olmad\u0131\u011f\u0131n\u0131 ifade etti."},"content":{"rendered":"<p>Muallim yedi y\u0131ldan fazla bir s\u00fcredir radikal ter\u00f6r\u00fc edat olarak kullan\u0131p Suriye ve halk\u0131na kar\u015f\u0131 entrikalarda bulunan devletlerin \u00e7\u00f6z\u00fcm\u00fc engelleme \u00e7abalar\u0131n\u0131 unutman\u0131n m\u00fcmk\u00fcn olmad\u0131\u011f\u0131n\u0131 ifade etti.<\/p>\n","protected":false},"excerpt":{"rendered":"<p>Muallim yedi y\u0131ldan fazla bir s\u00fcredir radikal ter\u00f6r\u00fc edat olarak kullan\u0131p Suriye ve halk\u0131na kar\u015f\u0131 entrikalarda bulunan devletlerin \u00e7\u00f6z\u00fcm\u00fc engelleme \u00e7abalar\u0131n\u0131 unutman\u0131n m\u00fcmk\u00fcn olmad\u0131\u011f\u0131n\u0131 ifade etti.<\/p>\n","protected":false},"author":1,"featured_media":0,"comment_status":"closed","ping_status":"closed","sticky":false,"template":"","format":"standard","meta":{"footnotes":""},"categories":[17991],"tags":[],"class_list":["post-158623","post","type-post","status-publish","format-standard","","category-son-dakika"],"_links":{"self":[{"href":"https:\/\/archive.sana.sy\/tr\/index.php?rest_route=\/wp\/v2\/posts\/158623","targetHints":{"allow":["GET"]}}],"collection":[{"href":"https:\/\/archive.sana.sy\/tr\/index.php?rest_route=\/wp\/v2\/posts"}],"about":[{"href":"https:\/\/archive.sana.sy\/tr\/index.php?rest_route=\/wp\/v2\/types\/post"}],"author":[{"embeddable":true,"href":"https:\/\/archive.sana.sy\/tr\/index.php?rest_route=\/wp\/v2\/users\/1"}],"replies":[{"embeddable":true,"href":"https:\/\/archive.sana.sy\/tr\/index.php?rest_route=%2Fwp%2Fv2%2Fcomments&post=158623"}],"version-history":[{"count":0,"href":"https:\/\/archive.sana.sy\/tr\/index.php?rest_route=\/wp\/v2\/posts\/158623\/revisions"}],"wp:attachment":[{"href":"https:\/\/archive.sana.sy\/tr\/index.php?rest_route=%2Fwp%2Fv2%2Fmedia&parent=158623"}],"wp:term":[{"taxonomy":"category","embeddable":true,"href":"https:\/\/archive.sana.sy\/tr\/index.php?rest_route=%2Fwp%2Fv2%2Fcategories&post=158623"},{"taxonomy":"post_tag","embeddable":true,"href":"https:\/\/archive.sana.sy\/tr\/index.php?rest_route=%2Fwp%2Fv2%2Ftags&post=158623"}],"curies":[{"name":"wp","href":"https:\/\/api.w.org\/{rel}","templated":true}]}}