{"id":158625,"date":"2018-08-30T16:50:20","date_gmt":"2018-08-30T13:50:20","guid":{"rendered":"https:\/\/www.sana.sy\/tr\/?p=158625"},"modified":"2018-08-30T16:48:45","modified_gmt":"2018-08-30T13:48:45","slug":"suriye-ve-halkina-karsi-entrikalara-katilan-devletlerin-radikal-terore-muhtelif-tur-destek-ile-cozumu-engellemeye-calistiklarini-belirten-muallim-ayni-zamanda-kimyasal-silah-kullanimina-iliskin-asils","status":"publish","type":"post","link":"https:\/\/archive.sana.sy\/tr\/?p=158625","title":{"rendered":"Suriye ve halk\u0131na kar\u015f\u0131 entrikalara kat\u0131lan devletlerin radikal ter\u00f6re muhtelif t\u00fcr destek ile \u00e7\u00f6z\u00fcm\u00fc engellemeye \u00e7al\u0131\u015ft\u0131klar\u0131n\u0131 belirten Muallim; ayn\u0131 zamanda kimyasal silah kullan\u0131m\u0131na ili\u015fkin as\u0131ls\u0131z iddialarda bulunup Suriye&#8217;ye sald\u0131rd\u0131klar\u0131n\u0131 ve sald\u0131rmaya \u00e7al\u0131\u015ft\u0131klar\u0131n\u0131 kaydetti."},"content":{"rendered":"<p>Suriye ve halk\u0131na kar\u015f\u0131 entrikalara kat\u0131lan devletlerin radikal ter\u00f6re muhtelif t\u00fcr destek ile \u00e7\u00f6z\u00fcm\u00fc engellemeye \u00e7al\u0131\u015ft\u0131klar\u0131n\u0131 belirten Muallim; ayn\u0131 zamanda kimyasal silah kullan\u0131m\u0131na ili\u015fkin as\u0131ls\u0131z iddialarda bulunup Suriye&#8217;ye sald\u0131rd\u0131klar\u0131n\u0131 ve sald\u0131rmaya \u00e7al\u0131\u015ft\u0131klar\u0131n\u0131 kaydetti.<\/p>\n","protected":false},"excerpt":{"rendered":"<p>Suriye ve halk\u0131na kar\u015f\u0131 entrikalara kat\u0131lan devletlerin radikal ter\u00f6re muhtelif t\u00fcr destek ile \u00e7\u00f6z\u00fcm\u00fc engellemeye \u00e7al\u0131\u015ft\u0131klar\u0131n\u0131 belirten Muallim; ayn\u0131 zamanda kimyasal silah kullan\u0131m\u0131na ili\u015fkin as\u0131ls\u0131z iddialarda bulunup Suriye&#8217;ye sald\u0131rd\u0131klar\u0131n\u0131 ve sald\u0131rmaya \u00e7al\u0131\u015ft\u0131klar\u0131n\u0131 kaydetti.<\/p>\n","protected":false},"author":1,"featured_media":0,"comment_status":"closed","ping_status":"closed","sticky":false,"template":"","format":"standard","meta":{"footnotes":""},"categories":[17991],"tags":[],"class_list":["post-158625","post","type-post","status-publish","format-standard","","category-son-dakika"],"_links":{"self":[{"href":"https:\/\/archive.sana.sy\/tr\/index.php?rest_route=\/wp\/v2\/posts\/158625","targetHints":{"allow":["GET"]}}],"collection":[{"href":"https:\/\/archive.sana.sy\/tr\/index.php?rest_route=\/wp\/v2\/posts"}],"about":[{"href":"https:\/\/archive.sana.sy\/tr\/index.php?rest_route=\/wp\/v2\/types\/post"}],"author":[{"embeddable":true,"href":"https:\/\/archive.sana.sy\/tr\/index.php?rest_route=\/wp\/v2\/users\/1"}],"replies":[{"embeddable":true,"href":"https:\/\/archive.sana.sy\/tr\/index.php?rest_route=%2Fwp%2Fv2%2Fcomments&post=158625"}],"version-history":[{"count":0,"href":"https:\/\/archive.sana.sy\/tr\/index.php?rest_route=\/wp\/v2\/posts\/158625\/revisions"}],"wp:attachment":[{"href":"https:\/\/archive.sana.sy\/tr\/index.php?rest_route=%2Fwp%2Fv2%2Fmedia&parent=158625"}],"wp:term":[{"taxonomy":"category","embeddable":true,"href":"https:\/\/archive.sana.sy\/tr\/index.php?rest_route=%2Fwp%2Fv2%2Fcategories&post=158625"},{"taxonomy":"post_tag","embeddable":true,"href":"https:\/\/archive.sana.sy\/tr\/index.php?rest_route=%2Fwp%2Fv2%2Ftags&post=158625"}],"curies":[{"name":"wp","href":"https:\/\/api.w.org\/{rel}","templated":true}]}}