{"id":158651,"date":"2018-08-30T17:20:45","date_gmt":"2018-08-30T14:20:45","guid":{"rendered":"https:\/\/www.sana.sy\/tr\/?p=158651"},"modified":"2018-08-30T17:16:36","modified_gmt":"2018-08-30T14:16:36","slug":"lavrov-abdnin-bircok-kez-tenf-bolgesinden-cekilme-ve-bm-temsilcilerinin-rekban-kampina-girmelerine-izin-verme-taahhudunde-bulunduklarina-dikkat-cekerken-fakat-bu-taahhutlerini-yerine-getirme","status":"publish","type":"post","link":"https:\/\/archive.sana.sy\/tr\/?p=158651","title":{"rendered":"Lavrov ABD\u2019nin bir\u00e7ok kez Tenf B\u00f6lgesinden \u00e7ekilme ve BM temsilcilerinin Rekban Kamp\u0131na girmelerine izin verme taahh\u00fcd\u00fcnde bulunduklar\u0131na dikkat \u00e7ekerken, fakat bu taahh\u00fctlerini yerine getirmediklerini, Rekban Kamp\u0131nda \u2018\u0131l\u0131ml\u0131 muhalifler\u2019 ad\u0131 alt\u0131nda destekledikleri ter\u00f6ristlerin t\u00fcm\u00fcn\u00fcn I\u015e\u0130D\u2019e d\u00f6n\u00fc\u015ft\u00fcklerine vurgu yapt\u0131."},"content":{"rendered":"<p>Lavrov ABD\u2019nin bir\u00e7ok kez Tenf B\u00f6lgesinden \u00e7ekilme ve BM temsilcilerinin Rekban Kamp\u0131na girmelerine izin verme taahh\u00fcd\u00fcnde bulunduklar\u0131na dikkat \u00e7ekerken, fakat bu taahh\u00fctlerini yerine getirmediklerini, Rekban Kamp\u0131nda \u2018\u0131l\u0131ml\u0131 muhalifler\u2019 ad\u0131 alt\u0131nda destekledikleri ter\u00f6ristlerin t\u00fcm\u00fcn\u00fcn I\u015e\u0130D\u2019e d\u00f6n\u00fc\u015ft\u00fcklerine vurgu yapt\u0131.<\/p>\n","protected":false},"excerpt":{"rendered":"<p>Lavrov ABD\u2019nin bir\u00e7ok kez Tenf B\u00f6lgesinden \u00e7ekilme ve BM temsilcilerinin Rekban Kamp\u0131na girmelerine izin verme taahh\u00fcd\u00fcnde bulunduklar\u0131na dikkat \u00e7ekerken, fakat bu taahh\u00fctlerini yerine getirmediklerini, Rekban Kamp\u0131nda \u2018\u0131l\u0131ml\u0131 muhalifler\u2019 ad\u0131 alt\u0131nda destekledikleri ter\u00f6ristlerin t\u00fcm\u00fcn\u00fcn I\u015e\u0130D\u2019e d\u00f6n\u00fc\u015ft\u00fcklerine vurgu yapt\u0131.<\/p>\n","protected":false},"author":1,"featured_media":0,"comment_status":"closed","ping_status":"closed","sticky":false,"template":"","format":"standard","meta":{"footnotes":""},"categories":[17991],"tags":[],"class_list":["post-158651","post","type-post","status-publish","format-standard","","category-son-dakika"],"_links":{"self":[{"href":"https:\/\/archive.sana.sy\/tr\/index.php?rest_route=\/wp\/v2\/posts\/158651","targetHints":{"allow":["GET"]}}],"collection":[{"href":"https:\/\/archive.sana.sy\/tr\/index.php?rest_route=\/wp\/v2\/posts"}],"about":[{"href":"https:\/\/archive.sana.sy\/tr\/index.php?rest_route=\/wp\/v2\/types\/post"}],"author":[{"embeddable":true,"href":"https:\/\/archive.sana.sy\/tr\/index.php?rest_route=\/wp\/v2\/users\/1"}],"replies":[{"embeddable":true,"href":"https:\/\/archive.sana.sy\/tr\/index.php?rest_route=%2Fwp%2Fv2%2Fcomments&post=158651"}],"version-history":[{"count":0,"href":"https:\/\/archive.sana.sy\/tr\/index.php?rest_route=\/wp\/v2\/posts\/158651\/revisions"}],"wp:attachment":[{"href":"https:\/\/archive.sana.sy\/tr\/index.php?rest_route=%2Fwp%2Fv2%2Fmedia&parent=158651"}],"wp:term":[{"taxonomy":"category","embeddable":true,"href":"https:\/\/archive.sana.sy\/tr\/index.php?rest_route=%2Fwp%2Fv2%2Fcategories&post=158651"},{"taxonomy":"post_tag","embeddable":true,"href":"https:\/\/archive.sana.sy\/tr\/index.php?rest_route=%2Fwp%2Fv2%2Ftags&post=158651"}],"curies":[{"name":"wp","href":"https:\/\/api.w.org\/{rel}","templated":true}]}}