{"id":158671,"date":"2018-08-30T23:51:27","date_gmt":"2018-08-30T20:51:27","guid":{"rendered":"https:\/\/www.sana.sy\/tr\/?p=158671"},"modified":"2018-08-31T15:26:52","modified_gmt":"2018-08-31T12:26:52","slug":"terorle-mucadele-suriye-devletinin-sorumlulugudur","status":"publish","type":"post","link":"https:\/\/archive.sana.sy\/tr\/?p=158671","title":{"rendered":"Ter\u00f6rle M\u00fccadele Suriye Devletinin Sorumlulu\u011fudur"},"content":{"rendered":"<p style=\"text-align: justify\">\u015eAM \u2013 Suriye, ter\u00f6rle m\u00fccadelenin, \u00f6zellikle de \u201cI\u015e\u0130D\u201d ve \u201cNusra Cephesi\u201d ile bunlara ba\u011fl\u0131 di\u011fer ter\u00f6rist gruplara kar\u015f\u0131 m\u00fccadelenin, Suriye Devleti&#8217;nin temel sorumlulu\u011funda oldu\u011funu ve \u0130dlib dahil olmak \u00fczere geriye kalan ter\u00f6r\u015fstlere kar\u015f\u0131 sava\u015f\u0131n Suriye&#8217;ye d\u00fc\u015fen ka\u00e7\u0131n\u0131lmaz bir g\u00f6rev oldu\u011funu belirtti.<\/p>\n<p style=\"text-align: justify\">D\u0131\u015fi\u015fleri ve Gurbet\u00e7iler Bakanl\u0131\u011f\u0131&#8217;nda yetkili bir kaynak, ba\u015fta \u0130dlib oolmak \u00fczere Suriye&#8217;deki durumlarla ilgili 29 A\u011fustos tarihli Birle\u015fmi\u015f Milletler Genel Sekreteri s\u00f6zc\u00fcs\u00fcnden \u00e7\u0131kan bas\u0131n beyan\u0131na bug\u00fcn verdi\u011fi cevab\u0131nda, ba\u015fta I\u015e\u0130D ve Nusra Cephesi ile onlara ba\u011fl\u0131 ter\u00f6rist gruplara y\u00f6nelik m\u00fccadeleyi Suriye devleti, m\u00fcttefikleri ve ordusuna yard\u0131m eden g\u00fc\u00e7lerin \u00fcstlendi\u011fi temel sorumluluk oldu\u011funu s\u00f6yledi<\/p>\n<p style=\"text-align: justify\">Kaynak, \u00a0Suriye Arap Ordusu ve M\u00fcttefik kuvvetlerin, ter\u00f6re kar\u015f\u0131 bu sava\u015fta elde edilen ba\u015far\u0131lar\u0131n, milyonlarca Suriyelinin &#8220;I\u015e\u0130D&#8221; ter\u00f6ristleri ve destek\u00e7ilerinden kurtulma \u00e7a\u011fr\u0131lar\u0131na bir cevap olarak geldi\u011finin ispat\u0131 oldu\u011funu belirtti.<\/p>\n<p style=\"text-align: justify\">Kaynak, Suriye devletinin g\u00f6revini yerine getirirken vatanda\u015flar\u0131n\u0131 ter\u00f6ristlerin su\u00e7lar\u0131ndan ve Suriye&#8217;ye hayor istemeyen b\u00fct\u00fcn herkesten koruyaca\u011f\u0131n\u0131 vurgulad\u0131.<\/p>\n<p style=\"text-align: justify\">Kaynak, Suriye&#8217;nin Suriyeli sivillerin hayat\u0131n\u0131 korumaya di\u011fer taraflardan daha fazla \u00f6zen g\u00f6sterdi\u011fini , her ne olursa olsun ve her ne ba\u015fl\u0131k alt\u0131nda olursa olsun hi\u00e7bir m\u00fczayedeyi kabul etmeyece\u011fini vurgulad\u0131.<\/p>\n<p style=\"text-align: justify\">Kaynak, Suriye h\u00fck\u00fcmetinin BM Genel Sekreteri s\u00f6zc\u00fcs\u00fcn\u00fcn beyan\u0131na cevab\u0131 f\u0131rsat bilerek, Suriye&#8217;de sivillere kar\u015f\u0131 kimyasal silahlar kullanan\u0131n Bat\u0131n\u0131n ve bat\u0131l\u0131 \u00fclkelerin medya kanalar\u0131 detse\u011fiyle ter\u00f6rist \u00f6rg\u00fctlerin oldu\u011funu s\u00f6yledi.<\/p>\n<p style=\"text-align: justify\">Kaynak Suriye\u2019nin,\u00a0 BM Genel Sekreterli\u011finden Suriye \u00e7abalar\u0131yla ter\u00f6rle ve bat\u0131l\u0131 propogandaya kar\u015f\u0131 m\u00fccadele talebinde bulunarak \u00f6zellikle Suriye&#8217;nin ter\u00f6rle m\u00fccadelede kendisini ba\u011flayan G\u00fcvenlik Konseyi kararlar\u0131nda gelenleri tamamen uygulad\u0131\u011f\u0131na dikkat \u00e7ekti.<\/p>\n<p style=\"text-align: justify\">Kaynak, Suriye Arap Ordusunun b\u00fct\u00fcn ba\u015far\u0131lar\u0131n\u0131 aralar\u0131nda aslen bulunmayan kimyasal silahlar dahil uluslararas\u0131nda yasakl\u0131 herhangi bir silah\u0131 kullanmadan sa\u011flad\u0131\u011f\u0131na i\u015faret etti.<\/p>\n","protected":false},"excerpt":{"rendered":"<p>\u015eAM \u2013 Suriye, ter\u00f6rle m\u00fccadelenin, \u00f6zellikle de \u201cI\u015e\u0130D\u201d ve \u201cNusra Cephesi\u201d ile bunlara ba\u011fl\u0131 di\u011fer ter\u00f6rist gruplara kar\u015f\u0131 m\u00fccadelenin, Suriye Devleti&#8217;nin temel sorumlulu\u011funda oldu\u011funu ve \u0130dlib dahil olmak \u00fczere geriye kalan ter\u00f6r\u015fstlere kar\u015f\u0131 sava\u015f\u0131n Suriye&#8217;ye d\u00fc\u015fen ka\u00e7\u0131n\u0131lmaz bir g\u00f6rev oldu\u011funu belirtti. D\u0131\u015fi\u015fleri ve Gurbet\u00e7iler Bakanl\u0131\u011f\u0131&#8217;nda yetkili bir kaynak, ba\u015fta \u0130dlib oolmak \u00fczere Suriye&#8217;deki durumlarla ilgili &hellip;<\/p>\n","protected":false},"author":1,"featured_media":158672,"comment_status":"closed","ping_status":"closed","sticky":false,"template":"","format":"standard","meta":{"footnotes":""},"categories":[479,17988,478],"tags":[],"class_list":["post-158671","post","type-post","status-publish","format-standard","has-post-thumbnail","","category-haberler-yerel","category-son-haberler","category-yerel"],"_links":{"self":[{"href":"https:\/\/archive.sana.sy\/tr\/index.php?rest_route=\/wp\/v2\/posts\/158671","targetHints":{"allow":["GET"]}}],"collection":[{"href":"https:\/\/archive.sana.sy\/tr\/index.php?rest_route=\/wp\/v2\/posts"}],"about":[{"href":"https:\/\/archive.sana.sy\/tr\/index.php?rest_route=\/wp\/v2\/types\/post"}],"author":[{"embeddable":true,"href":"https:\/\/archive.sana.sy\/tr\/index.php?rest_route=\/wp\/v2\/users\/1"}],"replies":[{"embeddable":true,"href":"https:\/\/archive.sana.sy\/tr\/index.php?rest_route=%2Fwp%2Fv2%2Fcomments&post=158671"}],"version-history":[{"count":0,"href":"https:\/\/archive.sana.sy\/tr\/index.php?rest_route=\/wp\/v2\/posts\/158671\/revisions"}],"wp:featuredmedia":[{"embeddable":true,"href":"https:\/\/archive.sana.sy\/tr\/index.php?rest_route=\/wp\/v2\/media\/158672"}],"wp:attachment":[{"href":"https:\/\/archive.sana.sy\/tr\/index.php?rest_route=%2Fwp%2Fv2%2Fmedia&parent=158671"}],"wp:term":[{"taxonomy":"category","embeddable":true,"href":"https:\/\/archive.sana.sy\/tr\/index.php?rest_route=%2Fwp%2Fv2%2Fcategories&post=158671"},{"taxonomy":"post_tag","embeddable":true,"href":"https:\/\/archive.sana.sy\/tr\/index.php?rest_route=%2Fwp%2Fv2%2Ftags&post=158671"}],"curies":[{"name":"wp","href":"https:\/\/api.w.org\/{rel}","templated":true}]}}