{"id":158709,"date":"2018-08-31T12:00:21","date_gmt":"2018-08-31T09:00:21","guid":{"rendered":"https:\/\/www.sana.sy\/tr\/?p=158709"},"modified":"2018-09-01T14:08:03","modified_gmt":"2018-09-01T11:08:03","slug":"halepte-okullar-ogrencilerini-karsilamaya-hazirlandi","status":"publish","type":"post","link":"https:\/\/archive.sana.sy\/tr\/?p=158709","title":{"rendered":"Halep\u2019te Okullar \u00d6\u011frencilerini Kar\u015f\u0131lamaya Haz\u0131rland\u0131"},"content":{"rendered":"<p>HALEP \u2013 Halep \u0130l E\u011fitim M\u00fcd\u00fcrl\u00fc\u011f\u00fc d\u0131\u015f g\u00fc\u00e7lere tabi ter\u00f6ristlerin y\u0131llard\u0131r \u00e7ocuklar\u0131 e\u011fitim \u00f6\u011fretim hakk\u0131ndan menedip okullar\u0131 sabote etmeleri ve ter\u00f6r karargahlar\u0131na d\u00f6n\u00fc\u015ft\u00fcrmeleri ard\u0131ndan bu y\u0131l y\u0131llar sonra geni\u015f \u00e7apl\u0131 olarak e\u011fitim \u00f6\u011fretim y\u0131l\u0131 haz\u0131rl\u0131klar\u0131n\u0131 tamamlad\u0131\u011f\u0131n\u0131 ilan etti.<\/p>\n<p><a href=\"https:\/\/www.sana.sy\/tr\/wp-content\/uploads\/2018\/08\/DSC_7229.jpg\"><img loading=\"lazy\" decoding=\"async\" class=\"alignright wp-image-158713 size-medium\" src=\"https:\/\/www.sana.sy\/tr\/wp-content\/uploads\/2018\/08\/DSC_7229-300x158.jpg\" alt=\"\" width=\"300\" height=\"158\" srcset=\"https:\/\/archive.sana.sy\/tr\/wp-content\/uploads\/2018\/08\/DSC_7229-300x158.jpg 300w, https:\/\/archive.sana.sy\/tr\/wp-content\/uploads\/2018\/08\/DSC_7229-150x79.jpg 150w, https:\/\/archive.sana.sy\/tr\/wp-content\/uploads\/2018\/08\/DSC_7229-768x403.jpg 768w, https:\/\/archive.sana.sy\/tr\/wp-content\/uploads\/2018\/08\/DSC_7229-1024x538.jpg 1024w, https:\/\/archive.sana.sy\/tr\/wp-content\/uploads\/2018\/08\/DSC_7229.jpg 1200w\" sizes=\"auto, (max-width: 300px) 100vw, 300px\" \/><\/a>Halep \u0130l E\u011fitim M\u00fcd\u00fcr\u00fc \u0130brahim Maso; m\u00fcd\u00fcrl\u00fc\u011f\u00fcn Halep Kenti ve il k\u0131rsal\u0131n\u0131n farkl\u0131 b\u00f6lgelerinde ter\u00f6ristlerin ordu birliklerimiz taraf\u0131ndan sabote edilmeden \u00f6nce sabote ettikleri 500\u2019den fazla okulu onarma ve hizmete a\u00e7ma \u00e7al\u0131\u015fmalar\u0131n\u0131n tamamland\u0131\u011f\u0131n\u0131 a\u00e7\u0131klad\u0131.<\/p>\n<p>Maso bu okullar\u0131n yeni e\u011fitim \u00f6\u011fretim y\u0131l\u0131na haz\u0131rl\u0131klar\u0131 kapsam\u0131nda gerekli \u00f6\u011fretmen atamalar\u0131n\u0131n yap\u0131ld\u0131\u011f\u0131n\u0131 belirtti. \u00d6\u011frencilere \u00fccretsiz olarak da\u011f\u0131t\u0131lmak \u00fczere ders kitaplar\u0131n\u0131n okullara ula\u015ft\u0131r\u0131ld\u0131\u011f\u0131n\u0131 ifade eden Maso; di\u011fer okul gereksinimleri ve k\u0131rtasiyenin de temin edildi\u011fini kaydetti.<\/p>\n<p><img loading=\"lazy\" decoding=\"async\" class=\"alignright wp-image-158710 size-medium\" style=\"line-height: 1.5\" src=\"https:\/\/www.sana.sy\/tr\/wp-content\/uploads\/2018\/08\/DSC_7217-300x200.jpg\" alt=\"\" width=\"300\" height=\"200\" srcset=\"https:\/\/archive.sana.sy\/tr\/wp-content\/uploads\/2018\/08\/DSC_7217-300x200.jpg 300w, https:\/\/archive.sana.sy\/tr\/wp-content\/uploads\/2018\/08\/DSC_7217-150x100.jpg 150w, https:\/\/archive.sana.sy\/tr\/wp-content\/uploads\/2018\/08\/DSC_7217-768x512.jpg 768w, https:\/\/archive.sana.sy\/tr\/wp-content\/uploads\/2018\/08\/DSC_7217-1024x683.jpg 1024w, https:\/\/archive.sana.sy\/tr\/wp-content\/uploads\/2018\/08\/DSC_7217.jpg 1200w\" sizes=\"auto, (max-width: 300px) 100vw, 300px\" \/><\/p>\n<p>Maso Halep Kentinin eski semtlerinde 150 okulun onar\u0131l\u0131p hizmete a\u00e7\u0131ld\u0131\u011f\u0131n\u0131 ifade ederken, \u00f6n\u00fcm\u00fczdeki iki ay i\u00e7inde hizmete a\u00e7\u0131lmak \u00fczere 15 okulda onar\u0131m \u00e7al\u0131\u015fmalar\u0131n\u0131n devam etti\u011fini s\u00f6yledi.<\/p>\n<p>Halep k\u0131rsal\u0131n\u0131n do\u011fusu, g\u00fcneyi ve kuzeyinde ter\u00f6rden kurtar\u0131lan belde ve k\u00f6ylerde 370 okulun onar\u0131ld\u0131\u011f\u0131n\u0131 belirten Maso; bir k\u0131s\u0131m belde ve k\u00f6ylerde okullar\u0131 onarma \u00e7al\u0131\u015fmalar\u0131n\u0131n devam etti\u011fini s\u00f6zlerine ekledi.<\/p>\n<p>Maso Halep Kenti ve k\u0131rsal\u0131nda bu y\u0131l 500 binden fazla \u00f6\u011frenci ve 3200\u2019den fazla \u00f6\u011fretmenin e\u011fitim \u00f6\u011fretim sezonuna kat\u0131lacaklar\u0131na dikkat \u00e7ekerken, gerekli t\u00fcm gereksinimlerinin temin edilmesi i\u00e7in \u00e7abalar\u0131n yo\u011fun bir \u015fekilde devam etti\u011fini ifade etti.<\/p>\n","protected":false},"excerpt":{"rendered":"<p>HALEP \u2013 Halep \u0130l E\u011fitim M\u00fcd\u00fcrl\u00fc\u011f\u00fc d\u0131\u015f g\u00fc\u00e7lere tabi ter\u00f6ristlerin y\u0131llard\u0131r \u00e7ocuklar\u0131 e\u011fitim \u00f6\u011fretim hakk\u0131ndan menedip okullar\u0131 sabote etmeleri ve ter\u00f6r karargahlar\u0131na d\u00f6n\u00fc\u015ft\u00fcrmeleri ard\u0131ndan bu y\u0131l y\u0131llar sonra geni\u015f \u00e7apl\u0131 olarak e\u011fitim \u00f6\u011fretim y\u0131l\u0131 haz\u0131rl\u0131klar\u0131n\u0131 tamamlad\u0131\u011f\u0131n\u0131 ilan etti. Halep \u0130l E\u011fitim M\u00fcd\u00fcr\u00fc \u0130brahim Maso; m\u00fcd\u00fcrl\u00fc\u011f\u00fcn Halep Kenti ve il k\u0131rsal\u0131n\u0131n farkl\u0131 b\u00f6lgelerinde ter\u00f6ristlerin ordu birliklerimiz &hellip;<\/p>\n","protected":false},"author":1,"featured_media":158711,"comment_status":"closed","ping_status":"closed","sticky":false,"template":"","format":"standard","meta":{"footnotes":""},"categories":[479,17988,478],"tags":[],"class_list":["post-158709","post","type-post","status-publish","format-standard","has-post-thumbnail","","category-haberler-yerel","category-son-haberler","category-yerel"],"_links":{"self":[{"href":"https:\/\/archive.sana.sy\/tr\/index.php?rest_route=\/wp\/v2\/posts\/158709","targetHints":{"allow":["GET"]}}],"collection":[{"href":"https:\/\/archive.sana.sy\/tr\/index.php?rest_route=\/wp\/v2\/posts"}],"about":[{"href":"https:\/\/archive.sana.sy\/tr\/index.php?rest_route=\/wp\/v2\/types\/post"}],"author":[{"embeddable":true,"href":"https:\/\/archive.sana.sy\/tr\/index.php?rest_route=\/wp\/v2\/users\/1"}],"replies":[{"embeddable":true,"href":"https:\/\/archive.sana.sy\/tr\/index.php?rest_route=%2Fwp%2Fv2%2Fcomments&post=158709"}],"version-history":[{"count":0,"href":"https:\/\/archive.sana.sy\/tr\/index.php?rest_route=\/wp\/v2\/posts\/158709\/revisions"}],"wp:featuredmedia":[{"embeddable":true,"href":"https:\/\/archive.sana.sy\/tr\/index.php?rest_route=\/wp\/v2\/media\/158711"}],"wp:attachment":[{"href":"https:\/\/archive.sana.sy\/tr\/index.php?rest_route=%2Fwp%2Fv2%2Fmedia&parent=158709"}],"wp:term":[{"taxonomy":"category","embeddable":true,"href":"https:\/\/archive.sana.sy\/tr\/index.php?rest_route=%2Fwp%2Fv2%2Fcategories&post=158709"},{"taxonomy":"post_tag","embeddable":true,"href":"https:\/\/archive.sana.sy\/tr\/index.php?rest_route=%2Fwp%2Fv2%2Ftags&post=158709"}],"curies":[{"name":"wp","href":"https:\/\/api.w.org\/{rel}","templated":true}]}}