{"id":158717,"date":"2018-08-31T11:00:24","date_gmt":"2018-08-31T08:00:24","guid":{"rendered":"https:\/\/www.sana.sy\/tr\/?p=158717"},"modified":"2018-09-01T14:08:06","modified_gmt":"2018-09-01T11:08:06","slug":"yurt-disindaki-suriyelilerin-donusu-icin-suriye-hukumeti-bircok-tedbirler-aldi","status":"publish","type":"post","link":"https:\/\/archive.sana.sy\/tr\/?p=158717","title":{"rendered":"Yurt D\u0131\u015f\u0131ndaki Suriyelilerin D\u00f6n\u00fc\u015f\u00fc \u0130\u00e7in Suriye H\u00fck\u00fcmeti Bir\u00e7ok Tedbirler Ald\u0131"},"content":{"rendered":"<p>\u015eAM \u2013 Suriye&#8217;den Tehcir Edilenlerin Geri D\u00f6n\u00fc\u015fleriyle ilgili Suriye-Rusya Ortak Komisyonu bug\u00fcn, yurt d\u0131\u015f\u0131nda tehcir edilmi\u015f Suriyelilerin d\u00f6n\u00fc\u015flerini kolayla\u015ft\u0131rmak ve temin etmek hedefiyle al\u0131nan tedbirleri g\u00f6r\u00fc\u015ft\u00fc.<\/p>\n<p>Yerel Y\u00f6netim ve \u00c7evre Bakan\u0131, Yurt D\u0131\u015f\u0131ndaki Tehcir Edilmi\u015f Suriyelilerin D\u00f6n\u00fc\u015f\u00fc \u0130\u00e7in Koordinasyon Heyeti Ba\u015fkan\u0131 H\u00fcseyin Mahluf, Suriye h\u00fck\u00fcmetinin anavatanlar\u0131na d\u00f6nmek isteyen tehcir edilmi\u015f b\u00fct\u00fcn Suriyelilerin d\u00f6n\u00fc\u015flerini temin etmek i\u00e7in gerekli b\u00fct\u00fcn icraatlar\u0131 ald\u0131\u011f\u0131n\u0131, ter\u00f6rden kurtar\u0131lm\u0131\u015f b\u00f6lgelerin alt yap\u0131lar\u0131 ve kamu tesislerin yeniden restore edilmesi eylemlerinin emin ad\u0131mlarla ilerledi\u011fini s\u00f6yledi.<\/p>\n<p>Komite \u00fcyesi D\u0131\u015fi\u015fleri ve Gurbet\u00e7iler Bakan Yard\u0131mc\u0131s\u0131 Faysal Mikdat, Suriyeli diplomatik misyonlar\u0131n anavatanlar\u0131na d\u00f6nmek isteyen Suriyelilere laz\u0131m olan her\u015feyi sunduklar\u0131n\u0131, Suriye&#8217;ye kar\u015f\u0131 bat\u0131l\u0131 \u00fclkeler grubunun uygulad\u0131\u011f\u0131 k\u00f6t\u00fc medya tan\u0131t\u0131mlar\u0131, ekonomik ve politik yapt\u0131r\u0131mlara ra\u011fmen, ba\u015fta BM M\u00fclteciler Y\u00fcksek Komiserli\u011fi (UNHCR) olmak \u00fczere uluslararas\u0131 \u00f6rg\u00fctlerle i\u015fbirli\u011fi halinde oldu\u011funu vurgulad\u0131.<\/p>\n<p>Rusya D\u0131\u015fi\u015fleri Bakanl\u0131\u011f\u0131 temsilcisi Nikolai Portsiev Moskova&#8217;dan video konferans yoluyla, tehcir edilen Suriyelilerin anavatanlar\u0131na geri d\u00f6n\u00fc\u015fleri i\u00e7in gerekli ad\u0131mlar olan \u00f6zellikle yeniden imar ile sa\u011fl\u0131k, e\u011fitim, i\u00e7me suyu ve enerji hizmet tesislerinin yeniden restore edilmesiyle ilgili olmak \u00fczere yerlerinden edilen Suriyelilerin d\u00f6n\u00fc\u015f\u00fc konusunda yap\u0131lan ortak \u00e7al\u0131\u015fma sonu\u00e7lar\u0131n\u0131n yabanc\u0131 \u00fclkeler ve uluslararas\u0131 \u00f6rg\u00fctler taraf\u0131ndan cevap ald\u0131\u011f\u0131n\u0131 belirtti.<\/p>\n<p>Portsiev, Tenf yak\u0131nlar\u0131ndaki el Rukban Kamp\u0131nda bulunan Suriyelilerle g\u00f6r\u00fc\u015fmeye ve kamptan daimi ikamet yerlerine ta\u015f\u0131nmalar\u0131n\u0131n temini i\u00e7in insani temaslar\u0131n sa\u011flanmas\u0131na \u00e7a\u011fr\u0131 yapt\u0131.<\/p>\n","protected":false},"excerpt":{"rendered":"<p>\u015eAM \u2013 Suriye&#8217;den Tehcir Edilenlerin Geri D\u00f6n\u00fc\u015fleriyle ilgili Suriye-Rusya Ortak Komisyonu bug\u00fcn, yurt d\u0131\u015f\u0131nda tehcir edilmi\u015f Suriyelilerin d\u00f6n\u00fc\u015flerini kolayla\u015ft\u0131rmak ve temin etmek hedefiyle al\u0131nan tedbirleri g\u00f6r\u00fc\u015ft\u00fc. Yerel Y\u00f6netim ve \u00c7evre Bakan\u0131, Yurt D\u0131\u015f\u0131ndaki Tehcir Edilmi\u015f Suriyelilerin D\u00f6n\u00fc\u015f\u00fc \u0130\u00e7in Koordinasyon Heyeti Ba\u015fkan\u0131 H\u00fcseyin Mahluf, Suriye h\u00fck\u00fcmetinin anavatanlar\u0131na d\u00f6nmek isteyen tehcir edilmi\u015f b\u00fct\u00fcn Suriyelilerin d\u00f6n\u00fc\u015flerini temin etmek &hellip;<\/p>\n","protected":false},"author":1,"featured_media":158718,"comment_status":"closed","ping_status":"closed","sticky":false,"template":"","format":"standard","meta":{"footnotes":""},"categories":[479,17988,478],"tags":[],"class_list":["post-158717","post","type-post","status-publish","format-standard","has-post-thumbnail","","category-haberler-yerel","category-son-haberler","category-yerel"],"_links":{"self":[{"href":"https:\/\/archive.sana.sy\/tr\/index.php?rest_route=\/wp\/v2\/posts\/158717","targetHints":{"allow":["GET"]}}],"collection":[{"href":"https:\/\/archive.sana.sy\/tr\/index.php?rest_route=\/wp\/v2\/posts"}],"about":[{"href":"https:\/\/archive.sana.sy\/tr\/index.php?rest_route=\/wp\/v2\/types\/post"}],"author":[{"embeddable":true,"href":"https:\/\/archive.sana.sy\/tr\/index.php?rest_route=\/wp\/v2\/users\/1"}],"replies":[{"embeddable":true,"href":"https:\/\/archive.sana.sy\/tr\/index.php?rest_route=%2Fwp%2Fv2%2Fcomments&post=158717"}],"version-history":[{"count":0,"href":"https:\/\/archive.sana.sy\/tr\/index.php?rest_route=\/wp\/v2\/posts\/158717\/revisions"}],"wp:featuredmedia":[{"embeddable":true,"href":"https:\/\/archive.sana.sy\/tr\/index.php?rest_route=\/wp\/v2\/media\/158718"}],"wp:attachment":[{"href":"https:\/\/archive.sana.sy\/tr\/index.php?rest_route=%2Fwp%2Fv2%2Fmedia&parent=158717"}],"wp:term":[{"taxonomy":"category","embeddable":true,"href":"https:\/\/archive.sana.sy\/tr\/index.php?rest_route=%2Fwp%2Fv2%2Fcategories&post=158717"},{"taxonomy":"post_tag","embeddable":true,"href":"https:\/\/archive.sana.sy\/tr\/index.php?rest_route=%2Fwp%2Fv2%2Ftags&post=158717"}],"curies":[{"name":"wp","href":"https:\/\/api.w.org\/{rel}","templated":true}]}}