{"id":158740,"date":"2018-09-01T15:19:11","date_gmt":"2018-09-01T12:19:11","guid":{"rendered":"https:\/\/www.sana.sy\/tr\/?p=158740"},"modified":"2018-09-02T13:46:58","modified_gmt":"2018-09-02T10:46:58","slug":"suriye-zakharchenkoya-suikast-eylemini-kiniyor","status":"publish","type":"post","link":"https:\/\/archive.sana.sy\/tr\/?p=158740","title":{"rendered":"Suriye Zakharchenko\u2019ya Suikast Eylemini K\u0131n\u0131yor"},"content":{"rendered":"<p>\u015eAM \u2013 Suriye; Donetsk Cumhuriyeti Cumhurba\u015fkan\u0131 Alexander Zakharchenko\u2019ya kar\u015f\u0131 d\u00fczenlenen suikast eylemini keskin bir dille k\u0131nay\u0131p, bu korkak ter\u00f6r eyleminin b\u00f6lgede g\u00fcvenlik ve istikrar\u0131 tehdit etti\u011fini belirtti.<\/p>\n<p>D\u0131\u015fi\u015fleri ve Gurbet\u00e7iler Bakanl\u0131\u011f\u0131nda yetkili bir kaynak SANA\u2019ya a\u00e7\u0131klamalar\u0131nda ter\u00f6r eylemi niteli\u011findeki bu suikast\u0131n, Donbass B\u00f6lgesinde siyasi \u00e7\u00f6z\u00fcm s\u00fcreci ve Minsk Anla\u015fmalar\u0131n\u0131n uygulanmas\u0131n\u0131 sabote etme ama\u00e7l\u0131 a\u00e7\u0131k bir \u00e7aba oldu\u011funu ifade etti.<\/p>\n<p>Suriye&#8217;nin Zakharchenko\u2019nun ailesine ba\u015f sa\u011fl\u0131\u011f\u0131 dileklerini ifade eden yetkili kaynak; suikast eyleminde yaralanan ve hasar g\u00f6renlere de ge\u00e7mi\u015f olsun dileklerini kaydetti.<\/p>\n<p>Yetkili kaynak suikast eyleminin failleri ve arkas\u0131ndaki g\u00fc\u00e7lerin tespit edilip cezaland\u0131r\u0131lmalar\u0131 amac\u0131yla adil, dakik ve acil bir soru\u015fturman\u0131n yap\u0131lmas\u0131 \u00f6nemini belirtti.<\/p>\n","protected":false},"excerpt":{"rendered":"<p>\u015eAM \u2013 Suriye; Donetsk Cumhuriyeti Cumhurba\u015fkan\u0131 Alexander Zakharchenko\u2019ya kar\u015f\u0131 d\u00fczenlenen suikast eylemini keskin bir dille k\u0131nay\u0131p, bu korkak ter\u00f6r eyleminin b\u00f6lgede g\u00fcvenlik ve istikrar\u0131 tehdit etti\u011fini belirtti. D\u0131\u015fi\u015fleri ve Gurbet\u00e7iler Bakanl\u0131\u011f\u0131nda yetkili bir kaynak SANA\u2019ya a\u00e7\u0131klamalar\u0131nda ter\u00f6r eylemi niteli\u011findeki bu suikast\u0131n, Donbass B\u00f6lgesinde siyasi \u00e7\u00f6z\u00fcm s\u00fcreci ve Minsk Anla\u015fmalar\u0131n\u0131n uygulanmas\u0131n\u0131 sabote etme ama\u00e7l\u0131 a\u00e7\u0131k bir &hellip;<\/p>\n","protected":false},"author":1,"featured_media":158742,"comment_status":"closed","ping_status":"closed","sticky":false,"template":"","format":"standard","meta":{"footnotes":""},"categories":[479,17988,478],"tags":[37291,2420,20469,16591],"class_list":["post-158740","post","type-post","status-publish","format-standard","has-post-thumbnail","","category-haberler-yerel","category-son-haberler","category-yerel","tag-alexander-zakharchenko","tag-disisleri-bakanligi","tag-suikast-eylemi","tag-suriye"],"_links":{"self":[{"href":"https:\/\/archive.sana.sy\/tr\/index.php?rest_route=\/wp\/v2\/posts\/158740","targetHints":{"allow":["GET"]}}],"collection":[{"href":"https:\/\/archive.sana.sy\/tr\/index.php?rest_route=\/wp\/v2\/posts"}],"about":[{"href":"https:\/\/archive.sana.sy\/tr\/index.php?rest_route=\/wp\/v2\/types\/post"}],"author":[{"embeddable":true,"href":"https:\/\/archive.sana.sy\/tr\/index.php?rest_route=\/wp\/v2\/users\/1"}],"replies":[{"embeddable":true,"href":"https:\/\/archive.sana.sy\/tr\/index.php?rest_route=%2Fwp%2Fv2%2Fcomments&post=158740"}],"version-history":[{"count":0,"href":"https:\/\/archive.sana.sy\/tr\/index.php?rest_route=\/wp\/v2\/posts\/158740\/revisions"}],"wp:featuredmedia":[{"embeddable":true,"href":"https:\/\/archive.sana.sy\/tr\/index.php?rest_route=\/wp\/v2\/media\/158742"}],"wp:attachment":[{"href":"https:\/\/archive.sana.sy\/tr\/index.php?rest_route=%2Fwp%2Fv2%2Fmedia&parent=158740"}],"wp:term":[{"taxonomy":"category","embeddable":true,"href":"https:\/\/archive.sana.sy\/tr\/index.php?rest_route=%2Fwp%2Fv2%2Fcategories&post=158740"},{"taxonomy":"post_tag","embeddable":true,"href":"https:\/\/archive.sana.sy\/tr\/index.php?rest_route=%2Fwp%2Fv2%2Ftags&post=158740"}],"curies":[{"name":"wp","href":"https:\/\/api.w.org\/{rel}","templated":true}]}}