{"id":158741,"date":"2018-09-01T12:33:42","date_gmt":"2018-09-01T09:33:42","guid":{"rendered":"https:\/\/www.sana.sy\/tr\/?p=158741"},"modified":"2018-09-02T13:47:31","modified_gmt":"2018-09-02T10:47:31","slug":"idlib-konusundaki-carpitma-hamlesi-nifak-mekanizmalarinin-bir-parcasidir","status":"publish","type":"post","link":"https:\/\/archive.sana.sy\/tr\/?p=158741","title":{"rendered":"\u0130dlib Konusundaki \u00c7arp\u0131tma Hamlesi Nifak Mekanizmalar\u0131n\u0131n Bir Par\u00e7as\u0131d\u0131r"},"content":{"rendered":"<p>\u015eAM \u2013 D\u0131\u015fi\u015fleri ve Gurbet\u00e7iler Bakan Yard\u0131mc\u0131s\u0131 Faysal Mikdat Suriye&#8217;nin; \u0130dlib \u0130linin tamam\u0131nda ter\u00f6r\u00fc tamamen yok etme ve orada bulunan sivillerin ter\u00f6r zorbal\u0131\u011f\u0131ndan kurtar\u0131lmalar\u0131nda kararl\u0131 ve azimli oldu\u011funu, bu kararl\u0131l\u0131\u011f\u0131ndan hi\u00e7bir ko\u015ful alt\u0131nda caymayaca\u011f\u0131n\u0131 vurgulad\u0131.<\/p>\n<p>Suriye Televizyonu ile m\u00fclakat\u0131nda Bakan Yard\u0131mc\u0131s\u0131 Mikdat; \u0130dlib konusunda y\u00fcr\u00fct\u00fclen ger\u00e7ekleri \u00e7arp\u0131tma kampanyas\u0131n\u0131n ABD, bir k\u0131s\u0131m Bat\u0131l\u0131 devletler ve onlar\u0131n b\u00f6lgedeki kukla rejimlerinin nifak mekanizmalar\u0131n\u0131n bir par\u00e7as\u0131 oldu\u011funu vurgulad\u0131.<\/p>\n<p>Mikdat Suriye devletinin; \u0130dlib\u2019te iki milyon Suriyelinin, aralar\u0131nda \u00e7ok say\u0131da yabanc\u0131 kiral\u0131k ter\u00f6ristin bulundu\u011fu radikal ter\u00f6ristlerin pen\u00e7esi alt\u0131nda ac\u0131lar \u00e7ekmeye devam etmeleri kar\u015f\u0131s\u0131nda seyirci kalmas\u0131n\u0131n kesinlikle m\u00fcmk\u00fcn olmad\u0131\u011f\u0131n\u0131n alt\u0131n\u0131 \u00e7izdi.<\/p>\n<p>\u0130dlib ve halk\u0131n\u0131n mutlaka ter\u00f6rden kurtar\u0131laca\u011f\u0131n\u0131 vurgulayan Mikdat; bunun ulusal uzla\u015fma yollar\u0131 ya da askeri operasyonlarla yap\u0131laca\u011f\u0131n\u0131, Suriye&#8217;nin bu y\u00f6ndeki kararl\u0131l\u0131\u011f\u0131ndan hi\u00e7bir ko\u015ful alt\u0131nda caymas\u0131n\u0131n m\u00fcmk\u00fcn olmad\u0131\u011f\u0131n\u0131 ifade etti.<\/p>\n<p>Bakan Yard\u0131mc\u0131s\u0131 Mikdat bir k\u0131s\u0131m devletlerin kimyasal silah kullan\u0131m\u0131na ili\u015fkin as\u0131ls\u0131z iddialarda bulunup Suriye devletini su\u00e7lama \u00e7abalar\u0131n\u0131n t\u00fcm d\u00fcnyaya kar\u015f\u0131 tehlike te\u015fkil eden ve uluslar aras\u0131 ter\u00f6r \u00f6rg\u00fctleri listesinde yer alan Nusra Cephesi ve I\u015e\u0130D\u2019e destek ve koruma ama\u00e7l\u0131 \u00e7abalardan ba\u015fka bir \u015fey olmad\u0131\u011f\u0131n\u0131 belirtti.<\/p>\n<p>Mikdat Suriye ordusunun ter\u00f6re kar\u015f\u0131 operasyonlar\u0131nda kimyasal silah kullanma ihtiyac\u0131 olmad\u0131\u011f\u0131n\u0131, ter\u00f6re kar\u015f\u0131 zaferler kaydetti\u011fi bir zamanda bu gibi as\u0131ls\u0131z iddialar\u0131n ama\u00e7 ve gayelerinin de art\u0131k herkes taraf\u0131ndan bilindi\u011fini ifade etti.<\/p>\n<p>Bat\u0131l\u0131 devletler ve b\u00f6lgedeki kukla rejimlerin sekiz y\u0131la yak\u0131n s\u00fcredir Suriye ve halk\u0131na kar\u015f\u0131 planlar\u0131nda ba\u015far\u0131s\u0131z kalmalar\u0131n\u0131 irdelemede zorland\u0131klar\u0131n\u0131 belirten Mikdat; bunun i\u00e7in yalan ve iftiralarla oyun kartlar\u0131n\u0131 yeniden karmaya \u00e7al\u0131\u015ft\u0131klar\u0131n\u0131 ifade etti.<\/p>\n<p>\u00d6te yandan Mikdat; Birle\u015fmi\u015f Milletlerde karar mekanizmas\u0131n\u0131n bir k\u0131s\u0131m hegemonyac\u0131 devletlerin kontrol\u00fcnde olmas\u0131yla BM genel kurulunun art\u0131k d\u00fcnya g\u00fcvenli\u011fi ve istikrar\u0131na tehlike te\u015fkil etmeye ba\u015flad\u0131\u011f\u0131n\u0131 ifade etti.<\/p>\n","protected":false},"excerpt":{"rendered":"<p>\u015eAM \u2013 D\u0131\u015fi\u015fleri ve Gurbet\u00e7iler Bakan Yard\u0131mc\u0131s\u0131 Faysal Mikdat Suriye&#8217;nin; \u0130dlib \u0130linin tamam\u0131nda ter\u00f6r\u00fc tamamen yok etme ve orada bulunan sivillerin ter\u00f6r zorbal\u0131\u011f\u0131ndan kurtar\u0131lmalar\u0131nda kararl\u0131 ve azimli oldu\u011funu, bu kararl\u0131l\u0131\u011f\u0131ndan hi\u00e7bir ko\u015ful alt\u0131nda caymayaca\u011f\u0131n\u0131 vurgulad\u0131. Suriye Televizyonu ile m\u00fclakat\u0131nda Bakan Yard\u0131mc\u0131s\u0131 Mikdat; \u0130dlib konusunda y\u00fcr\u00fct\u00fclen ger\u00e7ekleri \u00e7arp\u0131tma kampanyas\u0131n\u0131n ABD, bir k\u0131s\u0131m Bat\u0131l\u0131 devletler ve onlar\u0131n &hellip;<\/p>\n","protected":false},"author":1,"featured_media":158745,"comment_status":"closed","ping_status":"closed","sticky":false,"template":"","format":"standard","meta":{"footnotes":""},"categories":[558,556,479,17988,478],"tags":[18728,1294,16591,19034,22181],"class_list":["post-158741","post","type-post","status-publish","format-standard","has-post-thumbnail","","category-arap-basini","category-basin","category-haberler-yerel","category-son-haberler","category-yerel","tag-faysal-mikdat","tag-idlib","tag-suriye","tag-suriyeli-muhalifler","tag-suriyeliler"],"_links":{"self":[{"href":"https:\/\/archive.sana.sy\/tr\/index.php?rest_route=\/wp\/v2\/posts\/158741","targetHints":{"allow":["GET"]}}],"collection":[{"href":"https:\/\/archive.sana.sy\/tr\/index.php?rest_route=\/wp\/v2\/posts"}],"about":[{"href":"https:\/\/archive.sana.sy\/tr\/index.php?rest_route=\/wp\/v2\/types\/post"}],"author":[{"embeddable":true,"href":"https:\/\/archive.sana.sy\/tr\/index.php?rest_route=\/wp\/v2\/users\/1"}],"replies":[{"embeddable":true,"href":"https:\/\/archive.sana.sy\/tr\/index.php?rest_route=%2Fwp%2Fv2%2Fcomments&post=158741"}],"version-history":[{"count":0,"href":"https:\/\/archive.sana.sy\/tr\/index.php?rest_route=\/wp\/v2\/posts\/158741\/revisions"}],"wp:featuredmedia":[{"embeddable":true,"href":"https:\/\/archive.sana.sy\/tr\/index.php?rest_route=\/wp\/v2\/media\/158745"}],"wp:attachment":[{"href":"https:\/\/archive.sana.sy\/tr\/index.php?rest_route=%2Fwp%2Fv2%2Fmedia&parent=158741"}],"wp:term":[{"taxonomy":"category","embeddable":true,"href":"https:\/\/archive.sana.sy\/tr\/index.php?rest_route=%2Fwp%2Fv2%2Fcategories&post=158741"},{"taxonomy":"post_tag","embeddable":true,"href":"https:\/\/archive.sana.sy\/tr\/index.php?rest_route=%2Fwp%2Fv2%2Ftags&post=158741"}],"curies":[{"name":"wp","href":"https:\/\/api.w.org\/{rel}","templated":true}]}}