{"id":158747,"date":"2018-09-01T14:47:13","date_gmt":"2018-09-01T11:47:13","guid":{"rendered":"https:\/\/www.sana.sy\/tr\/?p=158747"},"modified":"2018-09-02T12:45:03","modified_gmt":"2018-09-02T09:45:03","slug":"isid-ve-nusra-cephesi-yuvalarinda-israil-ve-abd-yapimi-silah-ve-ilaclar-bulundu","status":"publish","type":"post","link":"https:\/\/archive.sana.sy\/tr\/?p=158747","title":{"rendered":"I\u015e\u0130D ve Nusra Cephesi Yuvalar\u0131nda \u0130srail ve ABD Yap\u0131m\u0131 Silah ve \u0130la\u00e7lar Bulundu"},"content":{"rendered":"<p>KUNAYTRA \u2013 Kunaytra k\u0131rsal\u0131nda ter\u00f6r kal\u0131nt\u0131lar\u0131n\u0131 yok etme ve halk\u0131n g\u00fcvenli\u011fini temin etme ama\u00e7l\u0131 arama tarama operasyonlar\u0131 s\u0131ras\u0131nda \u0130srail\u2019e tabi ter\u00f6r \u00f6rg\u00fctlerin ordu birliklerimiz taraf\u0131ndan yok edilmeden \u00f6nce Malaka K\u00f6y\u00fc ve Cebata el Ha\u015fab Beldesinde saklad\u0131klar\u0131 muhtelif t\u00fcr silah ve m\u00fchimmat\u0131 ele ge\u00e7irdi.<\/p>\n<p>Kunaytra\u2019da SANA muhabiri I\u015e\u0130D ve Nusra Cephesi yuvalar\u0131nda ele ge\u00e7irilen b\u00fcy\u00fck miktarca cephane, t\u0131bbi ekipmanlar ve ila\u00e7lar\u0131n bir k\u0131sm\u0131n\u0131n \u0130srail ve ABD yap\u0131m\u0131 oldu\u011funa dikkat \u00e7ekti.<\/p>\n<div id='gallery-1' class='gallery galleryid-158747 gallery-columns-1 gallery-size-large'><figure class='gallery-item'>\n\t\t\t<div class='gallery-icon portrait'>\n\t\t\t\t<a href='https:\/\/archive.sana.sy\/tr\/wp-content\/uploads\/2018\/09\/1-1-1.jpg'><img loading=\"lazy\" decoding=\"async\" width=\"618\" height=\"755\" src=\"https:\/\/archive.sana.sy\/tr\/wp-content\/uploads\/2018\/09\/1-1-1-838x1024.jpg\" class=\"attachment-large size-large\" alt=\"\" srcset=\"https:\/\/archive.sana.sy\/tr\/wp-content\/uploads\/2018\/09\/1-1-1-838x1024.jpg 838w, https:\/\/archive.sana.sy\/tr\/wp-content\/uploads\/2018\/09\/1-1-1-123x150.jpg 123w, https:\/\/archive.sana.sy\/tr\/wp-content\/uploads\/2018\/09\/1-1-1-246x300.jpg 246w, https:\/\/archive.sana.sy\/tr\/wp-content\/uploads\/2018\/09\/1-1-1-768x938.jpg 768w, https:\/\/archive.sana.sy\/tr\/wp-content\/uploads\/2018\/09\/1-1-1.jpg 982w\" sizes=\"auto, (max-width: 618px) 100vw, 618px\" \/><\/a>\n\t\t\t<\/div><\/figure><figure class='gallery-item'>\n\t\t\t<div class='gallery-icon landscape'>\n\t\t\t\t<a href='https:\/\/archive.sana.sy\/tr\/wp-content\/uploads\/2018\/09\/1-2.jpg'><img loading=\"lazy\" decoding=\"async\" width=\"618\" height=\"403\" src=\"https:\/\/archive.sana.sy\/tr\/wp-content\/uploads\/2018\/09\/1-2-1024x668.jpg\" class=\"attachment-large size-large\" alt=\"\" srcset=\"https:\/\/archive.sana.sy\/tr\/wp-content\/uploads\/2018\/09\/1-2-1024x668.jpg 1024w, https:\/\/archive.sana.sy\/tr\/wp-content\/uploads\/2018\/09\/1-2-150x98.jpg 150w, https:\/\/archive.sana.sy\/tr\/wp-content\/uploads\/2018\/09\/1-2-300x196.jpg 300w, https:\/\/archive.sana.sy\/tr\/wp-content\/uploads\/2018\/09\/1-2-768x501.jpg 768w, https:\/\/archive.sana.sy\/tr\/wp-content\/uploads\/2018\/09\/1-2.jpg 1200w\" sizes=\"auto, (max-width: 618px) 100vw, 618px\" \/><\/a>\n\t\t\t<\/div><\/figure><figure class='gallery-item'>\n\t\t\t<div class='gallery-icon landscape'>\n\t\t\t\t<a href='https:\/\/archive.sana.sy\/tr\/wp-content\/uploads\/2018\/09\/1-3.jpg'><img loading=\"lazy\" decoding=\"async\" width=\"618\" height=\"327\" src=\"https:\/\/archive.sana.sy\/tr\/wp-content\/uploads\/2018\/09\/1-3-1024x541.jpg\" class=\"attachment-large size-large\" alt=\"\" srcset=\"https:\/\/archive.sana.sy\/tr\/wp-content\/uploads\/2018\/09\/1-3-1024x541.jpg 1024w, https:\/\/archive.sana.sy\/tr\/wp-content\/uploads\/2018\/09\/1-3-150x79.jpg 150w, https:\/\/archive.sana.sy\/tr\/wp-content\/uploads\/2018\/09\/1-3-300x159.jpg 300w, https:\/\/archive.sana.sy\/tr\/wp-content\/uploads\/2018\/09\/1-3-768x406.jpg 768w, https:\/\/archive.sana.sy\/tr\/wp-content\/uploads\/2018\/09\/1-3-310x165.jpg 310w, https:\/\/archive.sana.sy\/tr\/wp-content\/uploads\/2018\/09\/1-3.jpg 1200w\" sizes=\"auto, (max-width: 618px) 100vw, 618px\" \/><\/a>\n\t\t\t<\/div><\/figure><figure class='gallery-item'>\n\t\t\t<div class='gallery-icon portrait'>\n\t\t\t\t<a href='https:\/\/archive.sana.sy\/tr\/wp-content\/uploads\/2018\/09\/1-4.jpg'><img loading=\"lazy\" decoding=\"async\" width=\"618\" height=\"707\" src=\"https:\/\/archive.sana.sy\/tr\/wp-content\/uploads\/2018\/09\/1-4-895x1024.jpg\" class=\"attachment-large size-large\" alt=\"\" srcset=\"https:\/\/archive.sana.sy\/tr\/wp-content\/uploads\/2018\/09\/1-4-895x1024.jpg 895w, https:\/\/archive.sana.sy\/tr\/wp-content\/uploads\/2018\/09\/1-4-131x150.jpg 131w, https:\/\/archive.sana.sy\/tr\/wp-content\/uploads\/2018\/09\/1-4-262x300.jpg 262w, https:\/\/archive.sana.sy\/tr\/wp-content\/uploads\/2018\/09\/1-4-768x879.jpg 768w, https:\/\/archive.sana.sy\/tr\/wp-content\/uploads\/2018\/09\/1-4.jpg 1049w\" sizes=\"auto, (max-width: 618px) 100vw, 618px\" \/><\/a>\n\t\t\t<\/div><\/figure>\n\t\t<\/div>\n\n","protected":false},"excerpt":{"rendered":"<p>KUNAYTRA \u2013 Kunaytra k\u0131rsal\u0131nda ter\u00f6r kal\u0131nt\u0131lar\u0131n\u0131 yok etme ve halk\u0131n g\u00fcvenli\u011fini temin etme ama\u00e7l\u0131 arama tarama operasyonlar\u0131 s\u0131ras\u0131nda \u0130srail\u2019e tabi ter\u00f6r \u00f6rg\u00fctlerin ordu birliklerimiz taraf\u0131ndan yok edilmeden \u00f6nce Malaka K\u00f6y\u00fc ve Cebata el Ha\u015fab Beldesinde saklad\u0131klar\u0131 muhtelif t\u00fcr silah ve m\u00fchimmat\u0131 ele ge\u00e7irdi. Kunaytra\u2019da SANA muhabiri I\u015e\u0130D ve Nusra Cephesi yuvalar\u0131nda ele ge\u00e7irilen b\u00fcy\u00fck miktarca &hellip;<\/p>\n","protected":false},"author":1,"featured_media":158758,"comment_status":"closed","ping_status":"closed","sticky":false,"template":"","format":"standard","meta":{"footnotes":""},"categories":[596,479,575,17988,478],"tags":[37293,3220,5614,36488,37292,2442],"class_list":["post-158747","post","type-post","status-publish","format-standard","has-post-thumbnail","","category-fotografli-raporlar","category-haberler-yerel","category-olaylar-ve-gercekler","category-son-haberler","category-yerel","tag-cebata-el-hasab-beldesi","tag-cephane","tag-israil","tag-kunaytra-kirsalinda","tag-malaka-koyu","tag-teror"],"_links":{"self":[{"href":"https:\/\/archive.sana.sy\/tr\/index.php?rest_route=\/wp\/v2\/posts\/158747","targetHints":{"allow":["GET"]}}],"collection":[{"href":"https:\/\/archive.sana.sy\/tr\/index.php?rest_route=\/wp\/v2\/posts"}],"about":[{"href":"https:\/\/archive.sana.sy\/tr\/index.php?rest_route=\/wp\/v2\/types\/post"}],"author":[{"embeddable":true,"href":"https:\/\/archive.sana.sy\/tr\/index.php?rest_route=\/wp\/v2\/users\/1"}],"replies":[{"embeddable":true,"href":"https:\/\/archive.sana.sy\/tr\/index.php?rest_route=%2Fwp%2Fv2%2Fcomments&post=158747"}],"version-history":[{"count":0,"href":"https:\/\/archive.sana.sy\/tr\/index.php?rest_route=\/wp\/v2\/posts\/158747\/revisions"}],"wp:featuredmedia":[{"embeddable":true,"href":"https:\/\/archive.sana.sy\/tr\/index.php?rest_route=\/wp\/v2\/media\/158758"}],"wp:attachment":[{"href":"https:\/\/archive.sana.sy\/tr\/index.php?rest_route=%2Fwp%2Fv2%2Fmedia&parent=158747"}],"wp:term":[{"taxonomy":"category","embeddable":true,"href":"https:\/\/archive.sana.sy\/tr\/index.php?rest_route=%2Fwp%2Fv2%2Fcategories&post=158747"},{"taxonomy":"post_tag","embeddable":true,"href":"https:\/\/archive.sana.sy\/tr\/index.php?rest_route=%2Fwp%2Fv2%2Ftags&post=158747"}],"curies":[{"name":"wp","href":"https:\/\/api.w.org\/{rel}","templated":true}]}}