{"id":158760,"date":"2018-09-01T14:55:31","date_gmt":"2018-09-01T11:55:31","guid":{"rendered":"https:\/\/www.sana.sy\/tr\/?p=158760"},"modified":"2018-09-02T13:47:00","modified_gmt":"2018-09-02T10:47:00","slug":"sehit-aileleri-ve-yarali-gazilerin-kredi-borclarina-af-karari-cikti","status":"publish","type":"post","link":"https:\/\/archive.sana.sy\/tr\/?p=158760","title":{"rendered":"\u015eehit Aileleri ve Yaral\u0131 Gazilerin Kredi Bor\u00e7lar\u0131na Af Karar\u0131 \u00c7\u0131kt\u0131"},"content":{"rendered":"<p>\u015eAM \u2013 Cumhurba\u015fkan\u0131 Be\u015f\u015far el Esad; devlet bankalar\u0131ndan kredi alan \u015fehitlerin yan\u0131 s\u0131ra %80 ve \u00fcst\u00fcnde acizlik raporu alan yaral\u0131 gazilerin kredi bor\u00e7lar\u0131n\u0131n bir k\u0131sm\u0131ndan muaf tutulmalar\u0131n\u0131 \u00f6ng\u00f6ren kararnameyi onaylad\u0131.<\/p>\n<p>Kararnamede 2003\/18 say\u0131l\u0131 yasama karar\u0131 ve d\u00fczenlemelerine tabi olan ordu ve silahl\u0131 kuvvetler mensuplar\u0131n\u0131n kredi bor\u00e7lar\u0131n\u0131n bir k\u0131sm\u0131ndan muaf tutulmalar\u0131n\u0131 \u00f6ng\u00f6r\u00fcyor.<\/p>\n","protected":false},"excerpt":{"rendered":"<p>\u015eAM \u2013 Cumhurba\u015fkan\u0131 Be\u015f\u015far el Esad; devlet bankalar\u0131ndan kredi alan \u015fehitlerin yan\u0131 s\u0131ra %80 ve \u00fcst\u00fcnde acizlik raporu alan yaral\u0131 gazilerin kredi bor\u00e7lar\u0131n\u0131n bir k\u0131sm\u0131ndan muaf tutulmalar\u0131n\u0131 \u00f6ng\u00f6ren kararnameyi onaylad\u0131. Kararnamede 2003\/18 say\u0131l\u0131 yasama karar\u0131 ve d\u00fczenlemelerine tabi olan ordu ve silahl\u0131 kuvvetler mensuplar\u0131n\u0131n kredi bor\u00e7lar\u0131n\u0131n bir k\u0131sm\u0131ndan muaf tutulmalar\u0131n\u0131 \u00f6ng\u00f6r\u00fcyor.<\/p>\n","protected":false},"author":1,"featured_media":148639,"comment_status":"closed","ping_status":"closed","sticky":false,"template":"","format":"standard","meta":{"footnotes":""},"categories":[479,605,17988,612,599,478],"tags":[],"class_list":["post-158760","post","type-post","status-publish","format-standard","has-post-thumbnail","","category-haberler-yerel","category-sayin-cumhurbaskani","category-son-haberler","category-yasama-kararnameler","category-yasama-ve-kanunlar","category-yerel"],"_links":{"self":[{"href":"https:\/\/archive.sana.sy\/tr\/index.php?rest_route=\/wp\/v2\/posts\/158760","targetHints":{"allow":["GET"]}}],"collection":[{"href":"https:\/\/archive.sana.sy\/tr\/index.php?rest_route=\/wp\/v2\/posts"}],"about":[{"href":"https:\/\/archive.sana.sy\/tr\/index.php?rest_route=\/wp\/v2\/types\/post"}],"author":[{"embeddable":true,"href":"https:\/\/archive.sana.sy\/tr\/index.php?rest_route=\/wp\/v2\/users\/1"}],"replies":[{"embeddable":true,"href":"https:\/\/archive.sana.sy\/tr\/index.php?rest_route=%2Fwp%2Fv2%2Fcomments&post=158760"}],"version-history":[{"count":0,"href":"https:\/\/archive.sana.sy\/tr\/index.php?rest_route=\/wp\/v2\/posts\/158760\/revisions"}],"wp:featuredmedia":[{"embeddable":true,"href":"https:\/\/archive.sana.sy\/tr\/index.php?rest_route=\/wp\/v2\/media\/148639"}],"wp:attachment":[{"href":"https:\/\/archive.sana.sy\/tr\/index.php?rest_route=%2Fwp%2Fv2%2Fmedia&parent=158760"}],"wp:term":[{"taxonomy":"category","embeddable":true,"href":"https:\/\/archive.sana.sy\/tr\/index.php?rest_route=%2Fwp%2Fv2%2Fcategories&post=158760"},{"taxonomy":"post_tag","embeddable":true,"href":"https:\/\/archive.sana.sy\/tr\/index.php?rest_route=%2Fwp%2Fv2%2Ftags&post=158760"}],"curies":[{"name":"wp","href":"https:\/\/api.w.org\/{rel}","templated":true}]}}