{"id":158794,"date":"2018-09-02T12:03:25","date_gmt":"2018-09-02T09:03:25","guid":{"rendered":"https:\/\/www.sana.sy\/tr\/?p=158794"},"modified":"2018-09-03T14:11:58","modified_gmt":"2018-09-03T11:11:58","slug":"festivalde-cocuk-faaliyetleri-buyuk-ilgi-gordu","status":"publish","type":"post","link":"https:\/\/archive.sana.sy\/tr\/?p=158794","title":{"rendered":"Festivalde \u00c7ocuk Faaliyetleri B\u00fcy\u00fck \u0130lgi G\u00f6rd\u00fc"},"content":{"rendered":"<p>\u015eAM KIRSALI \u2013 Ba\u015fkent \u015eam k\u0131rsal\u0131 Ceramana Kasabas\u0131nda d\u00fczenlenen 1. Yera K\u00fclt\u00fcr Festivali faaliyetlerini s\u00fcrd\u00fcr\u00fcrken; festivalde \u00e7ocuklar\u0131n tiyatro ve m\u00fczik etkinlikleri yo\u011fun bir ilgi g\u00f6rd\u00fc.<\/p>\n<p>Saha tiyatrosunda \u00e7ocuk tiyatro ekibi; \u00e7ocuklara ili\u015fkin sorunlar\u0131 ele alan bir tiyatro oyunu sergilemeleri ard\u0131ndan m\u00fczik yetene\u011fine sahip \u00e7ocuklar da folklor t\u00fcrk\u00fcleri seslendirdiler.<\/p>\n<p>Arap Yazarlar Birli\u011fi ve daha ba\u015fka sivil toplum faaliyetinin i\u015fbirli\u011fi ile d\u00fczenlenen Yera K\u00fclt\u00fcr Festivalinde edebiyat, tiyatro, m\u00fczik ve sanat sergileri ile faaliyetlerini s\u00fcrd\u00fcr\u00fcyor.<\/p>\n","protected":false},"excerpt":{"rendered":"<p>\u015eAM KIRSALI \u2013 Ba\u015fkent \u015eam k\u0131rsal\u0131 Ceramana Kasabas\u0131nda d\u00fczenlenen 1. Yera K\u00fclt\u00fcr Festivali faaliyetlerini s\u00fcrd\u00fcr\u00fcrken; festivalde \u00e7ocuklar\u0131n tiyatro ve m\u00fczik etkinlikleri yo\u011fun bir ilgi g\u00f6rd\u00fc. Saha tiyatrosunda \u00e7ocuk tiyatro ekibi; \u00e7ocuklara ili\u015fkin sorunlar\u0131 ele alan bir tiyatro oyunu sergilemeleri ard\u0131ndan m\u00fczik yetene\u011fine sahip \u00e7ocuklar da folklor t\u00fcrk\u00fcleri seslendirdiler. Arap Yazarlar Birli\u011fi ve daha ba\u015fka sivil &hellip;<\/p>\n","protected":false},"author":1,"featured_media":158799,"comment_status":"closed","ping_status":"closed","sticky":false,"template":"","format":"standard","meta":{"footnotes":""},"categories":[516,479,511,17988,478],"tags":[28745,2755,16591,31027,25414],"class_list":["post-158794","post","type-post","status-publish","format-standard","has-post-thumbnail","","category-haberler-kultur-ve-sanat","category-haberler-yerel","category-kultur-ve-sanat","category-son-haberler","category-yerel","tag-kultur-festivali","tag-sam","tag-suriye","tag-suriyede-festival","tag-suriyeli-cocuklar"],"_links":{"self":[{"href":"https:\/\/archive.sana.sy\/tr\/index.php?rest_route=\/wp\/v2\/posts\/158794","targetHints":{"allow":["GET"]}}],"collection":[{"href":"https:\/\/archive.sana.sy\/tr\/index.php?rest_route=\/wp\/v2\/posts"}],"about":[{"href":"https:\/\/archive.sana.sy\/tr\/index.php?rest_route=\/wp\/v2\/types\/post"}],"author":[{"embeddable":true,"href":"https:\/\/archive.sana.sy\/tr\/index.php?rest_route=\/wp\/v2\/users\/1"}],"replies":[{"embeddable":true,"href":"https:\/\/archive.sana.sy\/tr\/index.php?rest_route=%2Fwp%2Fv2%2Fcomments&post=158794"}],"version-history":[{"count":0,"href":"https:\/\/archive.sana.sy\/tr\/index.php?rest_route=\/wp\/v2\/posts\/158794\/revisions"}],"wp:featuredmedia":[{"embeddable":true,"href":"https:\/\/archive.sana.sy\/tr\/index.php?rest_route=\/wp\/v2\/media\/158799"}],"wp:attachment":[{"href":"https:\/\/archive.sana.sy\/tr\/index.php?rest_route=%2Fwp%2Fv2%2Fmedia&parent=158794"}],"wp:term":[{"taxonomy":"category","embeddable":true,"href":"https:\/\/archive.sana.sy\/tr\/index.php?rest_route=%2Fwp%2Fv2%2Fcategories&post=158794"},{"taxonomy":"post_tag","embeddable":true,"href":"https:\/\/archive.sana.sy\/tr\/index.php?rest_route=%2Fwp%2Fv2%2Ftags&post=158794"}],"curies":[{"name":"wp","href":"https:\/\/api.w.org\/{rel}","templated":true}]}}