{"id":159207,"date":"2018-09-06T12:52:52","date_gmt":"2018-09-06T09:52:52","guid":{"rendered":"http:\/\/www.sana.sy\/tr\/?p=159207"},"modified":"2018-09-14T13:32:33","modified_gmt":"2018-09-14T10:32:33","slug":"askerlik-hizmetinden-muaf-tutulanlarin-izne-ihtiyaclari-kalmadi","status":"publish","type":"post","link":"https:\/\/archive.sana.sy\/tr\/?p=159207","title":{"rendered":"Askerlik Hizmetinden Muaf Tutulanlar\u0131n \u0130zne \u0130htiya\u00e7lar\u0131 Kalmad\u0131"},"content":{"rendered":"<p>\u015eAM \u2013 Cumhurba\u015fkan\u0131 Be\u015f\u015far el Esad bug\u00fcn askerlik hizmetinden muaf tutulan vatanda\u015flar\u0131n yurtd\u0131\u015f\u0131na yolculuk yapmalar\u0131 i\u00e7in askerlik \u015fubelerinden izin almalar\u0131ndan muaf tutulmalar\u0131n\u0131 \u00f6ng\u00f6ren 2018\/14 say\u0131l\u0131 yasama karar\u0131n\u0131 onaylad\u0131.<\/p>\n<p>Yasama karar\u0131 gere\u011fince askerlik hizmetine ili\u015fkin 2007\/30 say\u0131l\u0131 yasama karar\u0131 ve d\u00fczenlemelerinin 48. Maddesine yeni bir f\u0131kra eklendi. Yeni f\u0131krada askerlik hizmetinden muaf tutulanlar\u0131n yurtd\u0131\u015f\u0131na yolculuk yapmalar\u0131 i\u00e7in askerlik \u015fubesinden herhangi bir izin almas\u0131na gerek olmad\u0131\u011f\u0131 belirtildi.<\/p>\n","protected":false},"excerpt":{"rendered":"<p>\u015eAM \u2013 Cumhurba\u015fkan\u0131 Be\u015f\u015far el Esad bug\u00fcn askerlik hizmetinden muaf tutulan vatanda\u015flar\u0131n yurtd\u0131\u015f\u0131na yolculuk yapmalar\u0131 i\u00e7in askerlik \u015fubelerinden izin almalar\u0131ndan muaf tutulmalar\u0131n\u0131 \u00f6ng\u00f6ren 2018\/14 say\u0131l\u0131 yasama karar\u0131n\u0131 onaylad\u0131. Yasama karar\u0131 gere\u011fince askerlik hizmetine ili\u015fkin 2007\/30 say\u0131l\u0131 yasama karar\u0131 ve d\u00fczenlemelerinin 48. Maddesine yeni bir f\u0131kra eklendi. Yeni f\u0131krada askerlik hizmetinden muaf tutulanlar\u0131n yurtd\u0131\u015f\u0131na yolculuk yapmalar\u0131 &hellip;<\/p>\n","protected":false},"author":1,"featured_media":130371,"comment_status":"closed","ping_status":"closed","sticky":false,"template":"","format":"standard","meta":{"footnotes":""},"categories":[479,605,17988,612,599,478],"tags":[26478,37333,19968,20113,16591,22181,16714],"class_list":["post-159207","post","type-post","status-publish","format-standard","has-post-thumbnail","","category-haberler-yerel","category-sayin-cumhurbaskani","category-son-haberler","category-yasama-kararnameler","category-yasama-ve-kanunlar","category-yerel","tag-askerlik-hizmeti","tag-askerlik-subaesi","tag-bessar-esad","tag-esad","tag-suriye","tag-suriyeliler","tag-yasama-karari"],"_links":{"self":[{"href":"https:\/\/archive.sana.sy\/tr\/index.php?rest_route=\/wp\/v2\/posts\/159207","targetHints":{"allow":["GET"]}}],"collection":[{"href":"https:\/\/archive.sana.sy\/tr\/index.php?rest_route=\/wp\/v2\/posts"}],"about":[{"href":"https:\/\/archive.sana.sy\/tr\/index.php?rest_route=\/wp\/v2\/types\/post"}],"author":[{"embeddable":true,"href":"https:\/\/archive.sana.sy\/tr\/index.php?rest_route=\/wp\/v2\/users\/1"}],"replies":[{"embeddable":true,"href":"https:\/\/archive.sana.sy\/tr\/index.php?rest_route=%2Fwp%2Fv2%2Fcomments&post=159207"}],"version-history":[{"count":0,"href":"https:\/\/archive.sana.sy\/tr\/index.php?rest_route=\/wp\/v2\/posts\/159207\/revisions"}],"wp:featuredmedia":[{"embeddable":true,"href":"https:\/\/archive.sana.sy\/tr\/index.php?rest_route=\/wp\/v2\/media\/130371"}],"wp:attachment":[{"href":"https:\/\/archive.sana.sy\/tr\/index.php?rest_route=%2Fwp%2Fv2%2Fmedia&parent=159207"}],"wp:term":[{"taxonomy":"category","embeddable":true,"href":"https:\/\/archive.sana.sy\/tr\/index.php?rest_route=%2Fwp%2Fv2%2Fcategories&post=159207"},{"taxonomy":"post_tag","embeddable":true,"href":"https:\/\/archive.sana.sy\/tr\/index.php?rest_route=%2Fwp%2Fv2%2Ftags&post=159207"}],"curies":[{"name":"wp","href":"https:\/\/api.w.org\/{rel}","templated":true}]}}