{"id":159251,"date":"2018-09-06T12:00:46","date_gmt":"2018-09-06T09:00:46","guid":{"rendered":"http:\/\/www.sana.sy\/tr\/?p=159251"},"modified":"2018-09-14T13:32:38","modified_gmt":"2018-09-14T10:32:38","slug":"fuar-tarihinde-yeni-bir-rekor-kirdi","status":"publish","type":"post","link":"https:\/\/archive.sana.sy\/tr\/?p=159251","title":{"rendered":"Fuar Tarihinde Yeni Bir Rekor K\u0131rd\u0131"},"content":{"rendered":"<p>\u015eAM \u2013 Uluslararas\u0131 \u015eam Fuar\u0131n\u0131n 60. d\u00f6nem faaliyetleri bu ak\u015fam ba\u015fkent \u015eam\u2019\u0131n g\u00fcneydo\u011fusunda yer alan Uluslararas\u0131 Fuarlar Kentinde fuar tarihinde benzeri g\u00f6r\u00fclmemi\u015f bir kat\u0131l\u0131m rekoruyla faaliyetlerine ba\u015fl\u0131yor.<\/p>\n<p>Do\u011fu \u0130zzetinin Ba\u015f\u0131 \u015eam\u2019d\u0131r slogan\u0131 alt\u0131nda bu y\u0131l d\u00fczenlenen fuara Arap ve yabanc\u0131 olmak \u00fczere 48 \u00fclke kat\u0131l\u0131yor. Fuarda Suriye ve di\u011fer \u00fclkelerden 1700 \u015firket yer al\u0131yor.<\/p>\n<p>Fuar\u0131 organize eden Uluslararas\u0131 Fuarlar ve Pazarlar Genel Kurumu beyan\u0131nda fuar\u0131n bu y\u0131l 93 bin metre karelik alan \u00fczerinde d\u00fczenlendi\u011fine dikkat \u00e7ekerken; fuar\u0131n d\u00fczenlendi\u011fi 50\u2019li y\u0131llardan \u015fu ana dek ilk kez bu kadar b\u00fcy\u00fck bir alanda d\u00fczenlendi\u011fini kaydetti.<\/p>\n<p>Fuar bug\u00fcn ak\u015fam saatlerinde resmi bir \u015fekilde a\u00e7\u0131l\u0131rken; yar\u0131ndan itibaren her g\u00fcn saat 17:00\u2019dan saat 23:00\u2019a dek devam edecek.<\/p>\n","protected":false},"excerpt":{"rendered":"<p>\u015eAM \u2013 Uluslararas\u0131 \u015eam Fuar\u0131n\u0131n 60. d\u00f6nem faaliyetleri bu ak\u015fam ba\u015fkent \u015eam\u2019\u0131n g\u00fcneydo\u011fusunda yer alan Uluslararas\u0131 Fuarlar Kentinde fuar tarihinde benzeri g\u00f6r\u00fclmemi\u015f bir kat\u0131l\u0131m rekoruyla faaliyetlerine ba\u015fl\u0131yor. Do\u011fu \u0130zzetinin Ba\u015f\u0131 \u015eam\u2019d\u0131r slogan\u0131 alt\u0131nda bu y\u0131l d\u00fczenlenen fuara Arap ve yabanc\u0131 olmak \u00fczere 48 \u00fclke kat\u0131l\u0131yor. Fuarda Suriye ve di\u011fer \u00fclkelerden 1700 \u015firket yer al\u0131yor. Fuar\u0131 &hellip;<\/p>\n","protected":false},"author":1,"featured_media":159252,"comment_status":"closed","ping_status":"closed","sticky":false,"template":"","format":"standard","meta":{"footnotes":""},"categories":[485,486,479,17988,36578,478],"tags":[29694,16591,31996],"class_list":["post-159251","post","type-post","status-publish","format-standard","has-post-thumbnail","","category-is-ve-sermaye","category-haberler-is-ve-sermaye","category-haberler-yerel","category-son-haberler","category-uluslararasi-sam-fuari","category-yerel","tag-sam-fuari","tag-suriye","tag-suriye-fuari"],"_links":{"self":[{"href":"https:\/\/archive.sana.sy\/tr\/index.php?rest_route=\/wp\/v2\/posts\/159251","targetHints":{"allow":["GET"]}}],"collection":[{"href":"https:\/\/archive.sana.sy\/tr\/index.php?rest_route=\/wp\/v2\/posts"}],"about":[{"href":"https:\/\/archive.sana.sy\/tr\/index.php?rest_route=\/wp\/v2\/types\/post"}],"author":[{"embeddable":true,"href":"https:\/\/archive.sana.sy\/tr\/index.php?rest_route=\/wp\/v2\/users\/1"}],"replies":[{"embeddable":true,"href":"https:\/\/archive.sana.sy\/tr\/index.php?rest_route=%2Fwp%2Fv2%2Fcomments&post=159251"}],"version-history":[{"count":0,"href":"https:\/\/archive.sana.sy\/tr\/index.php?rest_route=\/wp\/v2\/posts\/159251\/revisions"}],"wp:featuredmedia":[{"embeddable":true,"href":"https:\/\/archive.sana.sy\/tr\/index.php?rest_route=\/wp\/v2\/media\/159252"}],"wp:attachment":[{"href":"https:\/\/archive.sana.sy\/tr\/index.php?rest_route=%2Fwp%2Fv2%2Fmedia&parent=159251"}],"wp:term":[{"taxonomy":"category","embeddable":true,"href":"https:\/\/archive.sana.sy\/tr\/index.php?rest_route=%2Fwp%2Fv2%2Fcategories&post=159251"},{"taxonomy":"post_tag","embeddable":true,"href":"https:\/\/archive.sana.sy\/tr\/index.php?rest_route=%2Fwp%2Fv2%2Ftags&post=159251"}],"curies":[{"name":"wp","href":"https:\/\/api.w.org\/{rel}","templated":true}]}}