{"id":16072,"date":"2014-11-21T12:08:42","date_gmt":"2014-11-21T10:08:42","guid":{"rendered":"http:\/\/www.sana.sy\/tr\/?p=16072"},"modified":"2014-11-21T12:09:06","modified_gmt":"2014-11-21T10:09:06","slug":"muallim-26-kasimda-rusyaya-ziyaret-duzenliyor","status":"publish","type":"post","link":"https:\/\/archive.sana.sy\/tr\/?p=16072","title":{"rendered":"Muallim 26 Kas\u0131m\u2019da Rusya\u2019y\u0131 Ziyaret Eedecek"},"content":{"rendered":"<p>MOSKOVA \u2013 Rusya D\u0131\u015fi\u015fleri Bakanl\u0131\u011f\u0131, Ba\u015fbakan Yard\u0131mc\u0131s\u0131 D\u0131\u015fi\u015fleri ve Gurbet\u00e7iler Bakan\u0131 Velit el Muallim\u2019in 26 ve 27 Kas\u0131m tarihlerinde Rusya D\u0131\u015fi\u015fleri Bakan\u0131 Sergey Lavrov\u2019un daveti \u00fczerine, Suriye&#8217;de ya\u015fanan durumlar ve ikili ili\u015fkiler \u00fczerine g\u00f6r\u00fc\u015fmelerde bulunmak \u00fczere Rusya\u2019ya bir ziyarette bulunaca\u011f\u0131n\u0131 ilan etti.<\/p>\n<p>Rusya D\u0131\u015fi\u015fleri Bakanl\u0131\u011f\u0131 Resmi S\u00f6zc\u00fcs\u00fc Alexander Lukashicitch Lavrov ile Muallim aras\u0131ndaki g\u00f6r\u00fc\u015fmelerin, BM Suriye \u00d6zel Temsilcisi Stefan De Mistura\u2019n\u0131n sundu\u011fu son \u00f6neriler \u0131\u015f\u0131\u011f\u0131nda diyalog s\u00fcrecinin somut bir \u015fekilde hareketlenmesinin y\u00f6ntemlerinin temelini olu\u015fturaca\u011f\u0131n\u0131 ifade etti.<\/p>\n<p>Suriye&#8217;de ter\u00f6rle m\u00fccadele alan\u0131nda Suriyeli b\u00fct\u00fcn g\u00fc\u00e7lerin \u00e7abalar\u0131n\u0131 birle\u015ftirmesinin \u00f6neminin alt\u0131n\u0131 \u00e7izen Lukashevich; Suriye\u2019nin b\u00fcy\u00fck \u00e7\u0131karlar\u0131 ve Demokrasinin egemen oldu\u011fu bir devlet i\u00e7in toplumdaki g\u00fc\u00e7lerin \u00e7abalar\u0131n\u0131n birle\u015ftirilmesinin b\u00fcy\u00fck \u00f6nem ta\u015f\u0131d\u0131\u011f\u0131n\u0131 vurgulad\u0131.<\/p>\n<p>&nbsp;<\/p>\n","protected":false},"excerpt":{"rendered":"<p>MOSKOVA \u2013 Rusya D\u0131\u015fi\u015fleri Bakanl\u0131\u011f\u0131, Ba\u015fbakan Yard\u0131mc\u0131s\u0131 D\u0131\u015fi\u015fleri ve Gurbet\u00e7iler Bakan\u0131 Velit el Muallim\u2019in 26 ve 27 Kas\u0131m tarihlerinde Rusya D\u0131\u015fi\u015fleri Bakan\u0131 Sergey Lavrov\u2019un daveti \u00fczerine, Suriye&#8217;de ya\u015fanan durumlar ve ikili ili\u015fkiler \u00fczerine g\u00f6r\u00fc\u015fmelerde bulunmak \u00fczere Rusya\u2019ya bir ziyarette bulunaca\u011f\u0131n\u0131 ilan etti. Rusya D\u0131\u015fi\u015fleri Bakanl\u0131\u011f\u0131 Resmi S\u00f6zc\u00fcs\u00fc Alexander Lukashicitch Lavrov ile Muallim aras\u0131ndaki g\u00f6r\u00fc\u015fmelerin, BM &hellip;<\/p>\n","protected":false},"author":1,"featured_media":16073,"comment_status":"closed","ping_status":"closed","sticky":false,"template":"","format":"standard","meta":{"footnotes":""},"categories":[458,459,447],"tags":[6186,6188,6185,6187],"class_list":["post-16072","post","type-post","status-publish","format-standard","has-post-thumbnail","","category-dunya1","category-haberler-arap-uluslararasi-politika","category-politika","tag-basbakan-yardimcisi-ve-disisleri-gurbetciler-bakani-velit-el-muallimin-26-ve-27-kasim-tarihlerinde-rusya-disisleri-bakani-sergey-lavrovun-daveti-uzerine","tag-bm-suriye-ozel-temsilcisi-stefan-de-misturanin-sundugu-son-oneriler-isiginda-diyalog-surecinin-somut-bir-sekilde-hareketlenmesinin-yontemlerinin-temelini-olusturacagini-ifade-etti-suriyede","tag-muallim-26-kasimda-rusyaya-ziyaret-duzenliyor-moskova-rusya-disisleri-bakanligi","tag-suriyede-yasanan-durumlar-ve-ikili-iliskiler-uzerine-gorusmelerde-bulunmak-uzere-rusyaya-bir-ziyarette-bulunacagini-ilan-etti-rusya-disisleri-bakanligi-resmi-sozcusu-alexander-lukashicitch"],"_links":{"self":[{"href":"https:\/\/archive.sana.sy\/tr\/index.php?rest_route=\/wp\/v2\/posts\/16072","targetHints":{"allow":["GET"]}}],"collection":[{"href":"https:\/\/archive.sana.sy\/tr\/index.php?rest_route=\/wp\/v2\/posts"}],"about":[{"href":"https:\/\/archive.sana.sy\/tr\/index.php?rest_route=\/wp\/v2\/types\/post"}],"author":[{"embeddable":true,"href":"https:\/\/archive.sana.sy\/tr\/index.php?rest_route=\/wp\/v2\/users\/1"}],"replies":[{"embeddable":true,"href":"https:\/\/archive.sana.sy\/tr\/index.php?rest_route=%2Fwp%2Fv2%2Fcomments&post=16072"}],"version-history":[{"count":0,"href":"https:\/\/archive.sana.sy\/tr\/index.php?rest_route=\/wp\/v2\/posts\/16072\/revisions"}],"wp:featuredmedia":[{"embeddable":true,"href":"https:\/\/archive.sana.sy\/tr\/index.php?rest_route=\/wp\/v2\/media\/16073"}],"wp:attachment":[{"href":"https:\/\/archive.sana.sy\/tr\/index.php?rest_route=%2Fwp%2Fv2%2Fmedia&parent=16072"}],"wp:term":[{"taxonomy":"category","embeddable":true,"href":"https:\/\/archive.sana.sy\/tr\/index.php?rest_route=%2Fwp%2Fv2%2Fcategories&post=16072"},{"taxonomy":"post_tag","embeddable":true,"href":"https:\/\/archive.sana.sy\/tr\/index.php?rest_route=%2Fwp%2Fv2%2Ftags&post=16072"}],"curies":[{"name":"wp","href":"https:\/\/api.w.org\/{rel}","templated":true}]}}