{"id":160857,"date":"2018-09-14T14:30:24","date_gmt":"2018-09-14T11:30:24","guid":{"rendered":"http:\/\/www.sana.sy\/tr\/?p=160857"},"modified":"2018-09-14T14:30:24","modified_gmt":"2018-09-14T11:30:24","slug":"rusya-baskani-vladimir-putin-rusya-guvenlik-konseyi-uyeleri-ile-idlib-ilindeki-durumlari-masaya-yatirirken-idlibte-yasanan-durumlardan-endiselerini-ifade-etti%e2%80%8f","status":"publish","type":"post","link":"https:\/\/archive.sana.sy\/tr\/?p=160857","title":{"rendered":"Rusya Ba\u015fkan\u0131 Vladimir Putin Rusya G\u00fcvenlik Konseyi \u00fcyeleri ile \u0130dlib \u0130lindeki durumlar\u0131 masaya yat\u0131r\u0131rken, \u0130dlib\u2019te ya\u015fanan durumlardan endi\u015felerini ifade etti\u200f"},"content":{"rendered":"<p>Rusya Ba\u015fkan\u0131 Vladimir Putin Rusya G\u00fcvenlik Konseyi \u00fcyeleri ile \u0130dlib \u0130lindeki durumlar\u0131 masaya yat\u0131r\u0131rken, \u0130dlib\u2019te ya\u015fanan durumlardan endi\u015felerini ifade etti\u200f<\/p>\n","protected":false},"excerpt":{"rendered":"<p>Rusya Ba\u015fkan\u0131 Vladimir Putin Rusya G\u00fcvenlik Konseyi \u00fcyeleri ile \u0130dlib \u0130lindeki durumlar\u0131 masaya yat\u0131r\u0131rken, \u0130dlib\u2019te ya\u015fanan durumlardan endi\u015felerini ifade etti\u200f<\/p>\n","protected":false},"author":1,"featured_media":0,"comment_status":"closed","ping_status":"closed","sticky":false,"template":"","format":"standard","meta":{"footnotes":""},"categories":[17991],"tags":[],"class_list":["post-160857","post","type-post","status-publish","format-standard","","category-son-dakika"],"_links":{"self":[{"href":"https:\/\/archive.sana.sy\/tr\/index.php?rest_route=\/wp\/v2\/posts\/160857","targetHints":{"allow":["GET"]}}],"collection":[{"href":"https:\/\/archive.sana.sy\/tr\/index.php?rest_route=\/wp\/v2\/posts"}],"about":[{"href":"https:\/\/archive.sana.sy\/tr\/index.php?rest_route=\/wp\/v2\/types\/post"}],"author":[{"embeddable":true,"href":"https:\/\/archive.sana.sy\/tr\/index.php?rest_route=\/wp\/v2\/users\/1"}],"replies":[{"embeddable":true,"href":"https:\/\/archive.sana.sy\/tr\/index.php?rest_route=%2Fwp%2Fv2%2Fcomments&post=160857"}],"version-history":[{"count":0,"href":"https:\/\/archive.sana.sy\/tr\/index.php?rest_route=\/wp\/v2\/posts\/160857\/revisions"}],"wp:attachment":[{"href":"https:\/\/archive.sana.sy\/tr\/index.php?rest_route=%2Fwp%2Fv2%2Fmedia&parent=160857"}],"wp:term":[{"taxonomy":"category","embeddable":true,"href":"https:\/\/archive.sana.sy\/tr\/index.php?rest_route=%2Fwp%2Fv2%2Fcategories&post=160857"},{"taxonomy":"post_tag","embeddable":true,"href":"https:\/\/archive.sana.sy\/tr\/index.php?rest_route=%2Fwp%2Fv2%2Ftags&post=160857"}],"curies":[{"name":"wp","href":"https:\/\/api.w.org\/{rel}","templated":true}]}}