{"id":161040,"date":"2018-09-15T16:02:19","date_gmt":"2018-09-15T13:02:19","guid":{"rendered":"http:\/\/www.sana.sy\/tr\/?p=161040"},"modified":"2018-09-15T16:05:07","modified_gmt":"2018-09-15T13:05:07","slug":"savunma-bakani-korgeneral-ali-abdullah-eyup-el-esadin-yonlednirmeleri-ile-idlib-hama-ve-lazkiye-kirsallarinda-gorev-yapan-askeri-birliklerimize-saha-ziyaretinde-bulundu","status":"publish","type":"post","link":"https:\/\/archive.sana.sy\/tr\/?p=161040","title":{"rendered":"Savunma Bakan\u0131 Korgeneral Ali Abdullah Ey\u00fcp, el Esad\u2019\u0131n y\u00f6nlendirmeleri ile \u0130dlib, Hama ve Lazkiye k\u0131rsallar\u0131nda g\u00f6rev yapan askeri birliklerimize saha ziyaretinde bulundu."},"content":{"rendered":"<p>Savunma Bakan\u0131 Korgeneral Ali Abdullah Ey\u00fcp, el Esad\u2019\u0131n y\u00f6nlendirmeleri ile \u0130dlib, Hama ve Lazkiye k\u0131rsallar\u0131nda g\u00f6rev yapan askeri birliklerimize saha ziyaretinde bulundu.<\/p>\n","protected":false},"excerpt":{"rendered":"<p>Savunma Bakan\u0131 Korgeneral Ali Abdullah Ey\u00fcp, el Esad\u2019\u0131n y\u00f6nlendirmeleri ile \u0130dlib, Hama ve Lazkiye k\u0131rsallar\u0131nda g\u00f6rev yapan askeri birliklerimize saha ziyaretinde bulundu.<\/p>\n","protected":false},"author":1,"featured_media":0,"comment_status":"closed","ping_status":"closed","sticky":false,"template":"","format":"standard","meta":{"footnotes":""},"categories":[17991],"tags":[],"class_list":["post-161040","post","type-post","status-publish","format-standard","","category-son-dakika"],"_links":{"self":[{"href":"https:\/\/archive.sana.sy\/tr\/index.php?rest_route=\/wp\/v2\/posts\/161040","targetHints":{"allow":["GET"]}}],"collection":[{"href":"https:\/\/archive.sana.sy\/tr\/index.php?rest_route=\/wp\/v2\/posts"}],"about":[{"href":"https:\/\/archive.sana.sy\/tr\/index.php?rest_route=\/wp\/v2\/types\/post"}],"author":[{"embeddable":true,"href":"https:\/\/archive.sana.sy\/tr\/index.php?rest_route=\/wp\/v2\/users\/1"}],"replies":[{"embeddable":true,"href":"https:\/\/archive.sana.sy\/tr\/index.php?rest_route=%2Fwp%2Fv2%2Fcomments&post=161040"}],"version-history":[{"count":0,"href":"https:\/\/archive.sana.sy\/tr\/index.php?rest_route=\/wp\/v2\/posts\/161040\/revisions"}],"wp:attachment":[{"href":"https:\/\/archive.sana.sy\/tr\/index.php?rest_route=%2Fwp%2Fv2%2Fmedia&parent=161040"}],"wp:term":[{"taxonomy":"category","embeddable":true,"href":"https:\/\/archive.sana.sy\/tr\/index.php?rest_route=%2Fwp%2Fv2%2Fcategories&post=161040"},{"taxonomy":"post_tag","embeddable":true,"href":"https:\/\/archive.sana.sy\/tr\/index.php?rest_route=%2Fwp%2Fv2%2Ftags&post=161040"}],"curies":[{"name":"wp","href":"https:\/\/api.w.org\/{rel}","templated":true}]}}