{"id":161345,"date":"2018-09-17T16:11:32","date_gmt":"2018-09-17T13:11:32","guid":{"rendered":"http:\/\/www.sana.sy\/tr\/?p=161345"},"modified":"2018-09-17T16:11:32","modified_gmt":"2018-09-17T13:11:32","slug":"ordu-birliklerimiz-deyrezzor-ilinin-badiye-bolgesinde-bulunduklari-nitelikli-operasyonlar-sonucunda-radikal-teror-orgutu-isidten-arta-kalan-teroristleri-yok-edip-bir-dizi-bolgeyi-kurtardi","status":"publish","type":"post","link":"https:\/\/archive.sana.sy\/tr\/?p=161345","title":{"rendered":"Ordu birliklerimiz Deyrezzor \u0130linin Badiye B\u00f6lgesinde bulunduklar\u0131 nitelikli operasyonlar sonucunda radikal ter\u00f6r \u00f6rg\u00fct\u00fc I\u015e\u0130D\u2019ten arta kalan ter\u00f6ristleri yok edip bir dizi b\u00f6lgeyi kurtard\u0131"},"content":{"rendered":"<p>Ordu birliklerimiz Deyrezzor \u0130linin Badiye B\u00f6lgesinde bulunduklar\u0131 nitelikli operasyonlar sonucunda radikal ter\u00f6r \u00f6rg\u00fct\u00fc I\u015e\u0130D\u2019ten arta kalan ter\u00f6ristleri yok edip bir dizi b\u00f6lgeyi kurtard\u0131<\/p>\n","protected":false},"excerpt":{"rendered":"<p>Ordu birliklerimiz Deyrezzor \u0130linin Badiye B\u00f6lgesinde bulunduklar\u0131 nitelikli operasyonlar sonucunda radikal ter\u00f6r \u00f6rg\u00fct\u00fc I\u015e\u0130D\u2019ten arta kalan ter\u00f6ristleri yok edip bir dizi b\u00f6lgeyi kurtard\u0131<\/p>\n","protected":false},"author":1,"featured_media":0,"comment_status":"closed","ping_status":"closed","sticky":false,"template":"","format":"standard","meta":{"footnotes":""},"categories":[17991],"tags":[],"class_list":["post-161345","post","type-post","status-publish","format-standard","","category-son-dakika"],"_links":{"self":[{"href":"https:\/\/archive.sana.sy\/tr\/index.php?rest_route=\/wp\/v2\/posts\/161345","targetHints":{"allow":["GET"]}}],"collection":[{"href":"https:\/\/archive.sana.sy\/tr\/index.php?rest_route=\/wp\/v2\/posts"}],"about":[{"href":"https:\/\/archive.sana.sy\/tr\/index.php?rest_route=\/wp\/v2\/types\/post"}],"author":[{"embeddable":true,"href":"https:\/\/archive.sana.sy\/tr\/index.php?rest_route=\/wp\/v2\/users\/1"}],"replies":[{"embeddable":true,"href":"https:\/\/archive.sana.sy\/tr\/index.php?rest_route=%2Fwp%2Fv2%2Fcomments&post=161345"}],"version-history":[{"count":0,"href":"https:\/\/archive.sana.sy\/tr\/index.php?rest_route=\/wp\/v2\/posts\/161345\/revisions"}],"wp:attachment":[{"href":"https:\/\/archive.sana.sy\/tr\/index.php?rest_route=%2Fwp%2Fv2%2Fmedia&parent=161345"}],"wp:term":[{"taxonomy":"category","embeddable":true,"href":"https:\/\/archive.sana.sy\/tr\/index.php?rest_route=%2Fwp%2Fv2%2Fcategories&post=161345"},{"taxonomy":"post_tag","embeddable":true,"href":"https:\/\/archive.sana.sy\/tr\/index.php?rest_route=%2Fwp%2Fv2%2Ftags&post=161345"}],"curies":[{"name":"wp","href":"https:\/\/api.w.org\/{rel}","templated":true}]}}