{"id":161645,"date":"2018-09-21T16:20:14","date_gmt":"2018-09-21T13:20:14","guid":{"rendered":"http:\/\/www.sana.sy\/tr\/?p=161645"},"modified":"2018-09-22T13:31:49","modified_gmt":"2018-09-22T10:31:49","slug":"161645","status":"publish","type":"post","link":"https:\/\/archive.sana.sy\/tr\/?p=161645","title":{"rendered":"Halep\u2019te D\u00fcnya Bar\u0131\u015f G\u00fcn\u00fc Faaliyetleri"},"content":{"rendered":"<p>HALEP \u2013 D\u00fcnya Bar\u0131\u015f G\u00fcn\u00fc m\u00fcnasebetiyle Suriye Kalk\u0131nma Sekretaryas\u0131 bug\u00fcn Halep Kentinde Uluslararas\u0131 Gen\u00e7lik Odas\u0131 ile i\u015fbirli\u011fi i\u00e7inde \u2018Tamam\u0131 Zeytin A\u011fa\u00e7lar\u0131\u2019 slogan\u0131 alt\u0131nda b\u00fcy\u00fck bir faaliyet d\u00fczenledi.<\/p>\n<p>G\u00f6n\u00fcll\u00fc vatanda\u015flar\u0131n kat\u0131ld\u0131klar\u0131 faaliyette 400 zeytin fidan\u0131 dikilirken; kat\u0131l\u0131mc\u0131lar sevgi, bar\u0131\u015f ve ho\u015fg\u00f6r\u00fc mesaj\u0131 ile y\u00fcr\u00fcy\u00fc\u015f d\u00fczenlediler.<\/p>\n<p>Uluslararas\u0131 Gen\u00e7lik Odas\u0131 Ba\u015fkan\u0131 Rami Kemal; Halep ve ahalisinin ter\u00f6rden kurtar\u0131lmalar\u0131 ard\u0131ndan yeniden yap\u0131land\u0131r\u0131lmas\u0131n\u0131n ba\u015flamas\u0131 m\u00fcnasebetiyle Haleplilerin \u00f6zellikle gurbette ya\u015fayanlara \u2018K\u00f6klerin Buradad\u0131r\u2019 mesaj\u0131 vermek istediklerini ifade etti.<\/p>\n<p>Faaliyet kat\u0131l\u0131mc\u0131lar\u0131 zeytin fidanlar\u0131 dikmeleriyle bu faaliyetlerinde Halep Kentinin Suriye&#8217;nin tamam\u0131 gibi sevgi ve bar\u0131\u015f yurdu oldu\u011funu ifade etmek istediklerini kaydetti.<\/p>\n<div id='gallery-1' class='gallery galleryid-161645 gallery-columns-3 gallery-size-thumbnail'><figure class='gallery-item'>\n\t\t\t<div class='gallery-icon landscape'>\n\t\t\t\t<a href='https:\/\/archive.sana.sy\/tr\/wp-content\/uploads\/2018\/09\/DSC_0813.jpg'><img loading=\"lazy\" decoding=\"async\" width=\"150\" height=\"102\" src=\"https:\/\/archive.sana.sy\/tr\/wp-content\/uploads\/2018\/09\/DSC_0813-150x102.jpg\" class=\"attachment-thumbnail size-thumbnail\" alt=\"\" srcset=\"https:\/\/archive.sana.sy\/tr\/wp-content\/uploads\/2018\/09\/DSC_0813-150x102.jpg 150w, https:\/\/archive.sana.sy\/tr\/wp-content\/uploads\/2018\/09\/DSC_0813-300x203.jpg 300w, https:\/\/archive.sana.sy\/tr\/wp-content\/uploads\/2018\/09\/DSC_0813-768x520.jpg 768w, https:\/\/archive.sana.sy\/tr\/wp-content\/uploads\/2018\/09\/DSC_0813-1024x694.jpg 1024w, https:\/\/archive.sana.sy\/tr\/wp-content\/uploads\/2018\/09\/DSC_0813-110x75.jpg 110w, https:\/\/archive.sana.sy\/tr\/wp-content\/uploads\/2018\/09\/DSC_0813.jpg 1200w\" sizes=\"auto, (max-width: 150px) 100vw, 150px\" \/><\/a>\n\t\t\t<\/div><\/figure><figure class='gallery-item'>\n\t\t\t<div class='gallery-icon landscape'>\n\t\t\t\t<a href='https:\/\/archive.sana.sy\/tr\/wp-content\/uploads\/2018\/09\/DSC_0823.jpg'><img loading=\"lazy\" decoding=\"async\" width=\"150\" height=\"100\" src=\"https:\/\/archive.sana.sy\/tr\/wp-content\/uploads\/2018\/09\/DSC_0823-150x100.jpg\" class=\"attachment-thumbnail size-thumbnail\" alt=\"\" srcset=\"https:\/\/archive.sana.sy\/tr\/wp-content\/uploads\/2018\/09\/DSC_0823-150x100.jpg 150w, https:\/\/archive.sana.sy\/tr\/wp-content\/uploads\/2018\/09\/DSC_0823-300x200.jpg 300w, https:\/\/archive.sana.sy\/tr\/wp-content\/uploads\/2018\/09\/DSC_0823-768x512.jpg 768w, https:\/\/archive.sana.sy\/tr\/wp-content\/uploads\/2018\/09\/DSC_0823-1024x683.jpg 1024w, https:\/\/archive.sana.sy\/tr\/wp-content\/uploads\/2018\/09\/DSC_0823-310x205.jpg 310w, https:\/\/archive.sana.sy\/tr\/wp-content\/uploads\/2018\/09\/DSC_0823.jpg 1200w\" sizes=\"auto, (max-width: 150px) 100vw, 150px\" \/><\/a>\n\t\t\t<\/div><\/figure><figure class='gallery-item'>\n\t\t\t<div class='gallery-icon landscape'>\n\t\t\t\t<a href='https:\/\/archive.sana.sy\/tr\/wp-content\/uploads\/2018\/09\/DSC_0841.jpg'><img loading=\"lazy\" decoding=\"async\" width=\"150\" height=\"103\" src=\"https:\/\/archive.sana.sy\/tr\/wp-content\/uploads\/2018\/09\/DSC_0841-150x103.jpg\" class=\"attachment-thumbnail size-thumbnail\" alt=\"\" srcset=\"https:\/\/archive.sana.sy\/tr\/wp-content\/uploads\/2018\/09\/DSC_0841-150x103.jpg 150w, https:\/\/archive.sana.sy\/tr\/wp-content\/uploads\/2018\/09\/DSC_0841-300x205.jpg 300w, https:\/\/archive.sana.sy\/tr\/wp-content\/uploads\/2018\/09\/DSC_0841-768x525.jpg 768w, https:\/\/archive.sana.sy\/tr\/wp-content\/uploads\/2018\/09\/DSC_0841-1024x701.jpg 1024w, https:\/\/archive.sana.sy\/tr\/wp-content\/uploads\/2018\/09\/DSC_0841-110x75.jpg 110w, https:\/\/archive.sana.sy\/tr\/wp-content\/uploads\/2018\/09\/DSC_0841.jpg 1200w\" sizes=\"auto, (max-width: 150px) 100vw, 150px\" \/><\/a>\n\t\t\t<\/div><\/figure><figure class='gallery-item'>\n\t\t\t<div class='gallery-icon landscape'>\n\t\t\t\t<a href='https:\/\/archive.sana.sy\/tr\/wp-content\/uploads\/2018\/09\/DSC_0935.jpg'><img loading=\"lazy\" decoding=\"async\" width=\"150\" height=\"102\" src=\"https:\/\/archive.sana.sy\/tr\/wp-content\/uploads\/2018\/09\/DSC_0935-150x102.jpg\" class=\"attachment-thumbnail size-thumbnail\" alt=\"\" srcset=\"https:\/\/archive.sana.sy\/tr\/wp-content\/uploads\/2018\/09\/DSC_0935-150x102.jpg 150w, https:\/\/archive.sana.sy\/tr\/wp-content\/uploads\/2018\/09\/DSC_0935-300x203.jpg 300w, https:\/\/archive.sana.sy\/tr\/wp-content\/uploads\/2018\/09\/DSC_0935-768x520.jpg 768w, https:\/\/archive.sana.sy\/tr\/wp-content\/uploads\/2018\/09\/DSC_0935-1024x693.jpg 1024w, https:\/\/archive.sana.sy\/tr\/wp-content\/uploads\/2018\/09\/DSC_0935-110x75.jpg 110w, https:\/\/archive.sana.sy\/tr\/wp-content\/uploads\/2018\/09\/DSC_0935.jpg 1200w\" sizes=\"auto, (max-width: 150px) 100vw, 150px\" \/><\/a>\n\t\t\t<\/div><\/figure><figure class='gallery-item'>\n\t\t\t<div class='gallery-icon landscape'>\n\t\t\t\t<a href='https:\/\/archive.sana.sy\/tr\/wp-content\/uploads\/2018\/09\/DSC_0937.jpg'><img loading=\"lazy\" decoding=\"async\" width=\"150\" height=\"102\" src=\"https:\/\/archive.sana.sy\/tr\/wp-content\/uploads\/2018\/09\/DSC_0937-150x102.jpg\" class=\"attachment-thumbnail size-thumbnail\" alt=\"\" srcset=\"https:\/\/archive.sana.sy\/tr\/wp-content\/uploads\/2018\/09\/DSC_0937-150x102.jpg 150w, https:\/\/archive.sana.sy\/tr\/wp-content\/uploads\/2018\/09\/DSC_0937-300x204.jpg 300w, https:\/\/archive.sana.sy\/tr\/wp-content\/uploads\/2018\/09\/DSC_0937-768x523.jpg 768w, https:\/\/archive.sana.sy\/tr\/wp-content\/uploads\/2018\/09\/DSC_0937-1024x697.jpg 1024w, https:\/\/archive.sana.sy\/tr\/wp-content\/uploads\/2018\/09\/DSC_0937-110x75.jpg 110w, https:\/\/archive.sana.sy\/tr\/wp-content\/uploads\/2018\/09\/DSC_0937.jpg 1200w\" sizes=\"auto, (max-width: 150px) 100vw, 150px\" \/><\/a>\n\t\t\t<\/div><\/figure><figure class='gallery-item'>\n\t\t\t<div class='gallery-icon landscape'>\n\t\t\t\t<a href='https:\/\/archive.sana.sy\/tr\/wp-content\/uploads\/2018\/09\/DSC_0941.jpg'><img loading=\"lazy\" decoding=\"async\" width=\"150\" height=\"95\" src=\"https:\/\/archive.sana.sy\/tr\/wp-content\/uploads\/2018\/09\/DSC_0941-150x95.jpg\" class=\"attachment-thumbnail size-thumbnail\" alt=\"\" srcset=\"https:\/\/archive.sana.sy\/tr\/wp-content\/uploads\/2018\/09\/DSC_0941-150x95.jpg 150w, https:\/\/archive.sana.sy\/tr\/wp-content\/uploads\/2018\/09\/DSC_0941-300x190.jpg 300w, https:\/\/archive.sana.sy\/tr\/wp-content\/uploads\/2018\/09\/DSC_0941-768x487.jpg 768w, https:\/\/archive.sana.sy\/tr\/wp-content\/uploads\/2018\/09\/DSC_0941-1024x649.jpg 1024w, https:\/\/archive.sana.sy\/tr\/wp-content\/uploads\/2018\/09\/DSC_0941.jpg 1200w\" sizes=\"auto, (max-width: 150px) 100vw, 150px\" \/><\/a>\n\t\t\t<\/div><\/figure>\n\t\t<\/div>\n\n","protected":false},"excerpt":{"rendered":"<p>HALEP \u2013 D\u00fcnya Bar\u0131\u015f G\u00fcn\u00fc m\u00fcnasebetiyle Suriye Kalk\u0131nma Sekretaryas\u0131 bug\u00fcn Halep Kentinde Uluslararas\u0131 Gen\u00e7lik Odas\u0131 ile i\u015fbirli\u011fi i\u00e7inde \u2018Tamam\u0131 Zeytin A\u011fa\u00e7lar\u0131\u2019 slogan\u0131 alt\u0131nda b\u00fcy\u00fck bir faaliyet d\u00fczenledi. G\u00f6n\u00fcll\u00fc vatanda\u015flar\u0131n kat\u0131ld\u0131klar\u0131 faaliyette 400 zeytin fidan\u0131 dikilirken; kat\u0131l\u0131mc\u0131lar sevgi, bar\u0131\u015f ve ho\u015fg\u00f6r\u00fc mesaj\u0131 ile y\u00fcr\u00fcy\u00fc\u015f d\u00fczenlediler. Uluslararas\u0131 Gen\u00e7lik Odas\u0131 Ba\u015fkan\u0131 Rami Kemal; Halep ve ahalisinin ter\u00f6rden kurtar\u0131lmalar\u0131 &hellip;<\/p>\n","protected":false},"author":1,"featured_media":161654,"comment_status":"closed","ping_status":"closed","sticky":false,"template":"","format":"standard","meta":{"footnotes":""},"categories":[596,526,541,516,479,511,17988,525,538,478],"tags":[37461,1132,16591,22181],"class_list":["post-161645","post","type-post","status-publish","format-standard","has-post-thumbnail","","category-fotografli-raporlar","category-haber-ve-raporlar","category-haberler","category-haberler-kultur-ve-sanat","category-haberler-yerel","category-kultur-ve-sanat","category-son-haberler","category-toplum","category-yasam","category-yerel","tag-dunya-baris-gunu","tag-halep","tag-suriye","tag-suriyeliler"],"_links":{"self":[{"href":"https:\/\/archive.sana.sy\/tr\/index.php?rest_route=\/wp\/v2\/posts\/161645","targetHints":{"allow":["GET"]}}],"collection":[{"href":"https:\/\/archive.sana.sy\/tr\/index.php?rest_route=\/wp\/v2\/posts"}],"about":[{"href":"https:\/\/archive.sana.sy\/tr\/index.php?rest_route=\/wp\/v2\/types\/post"}],"author":[{"embeddable":true,"href":"https:\/\/archive.sana.sy\/tr\/index.php?rest_route=\/wp\/v2\/users\/1"}],"replies":[{"embeddable":true,"href":"https:\/\/archive.sana.sy\/tr\/index.php?rest_route=%2Fwp%2Fv2%2Fcomments&post=161645"}],"version-history":[{"count":0,"href":"https:\/\/archive.sana.sy\/tr\/index.php?rest_route=\/wp\/v2\/posts\/161645\/revisions"}],"wp:featuredmedia":[{"embeddable":true,"href":"https:\/\/archive.sana.sy\/tr\/index.php?rest_route=\/wp\/v2\/media\/161654"}],"wp:attachment":[{"href":"https:\/\/archive.sana.sy\/tr\/index.php?rest_route=%2Fwp%2Fv2%2Fmedia&parent=161645"}],"wp:term":[{"taxonomy":"category","embeddable":true,"href":"https:\/\/archive.sana.sy\/tr\/index.php?rest_route=%2Fwp%2Fv2%2Fcategories&post=161645"},{"taxonomy":"post_tag","embeddable":true,"href":"https:\/\/archive.sana.sy\/tr\/index.php?rest_route=%2Fwp%2Fv2%2Ftags&post=161645"}],"curies":[{"name":"wp","href":"https:\/\/api.w.org\/{rel}","templated":true}]}}