{"id":161853,"date":"2018-09-24T13:14:11","date_gmt":"2018-09-24T10:14:11","guid":{"rendered":"http:\/\/www.sana.sy\/tr\/?p=161853"},"modified":"2018-09-25T13:50:35","modified_gmt":"2018-09-25T10:50:35","slug":"esad-ve-putin-telefonda-gorustu","status":"publish","type":"post","link":"https:\/\/archive.sana.sy\/tr\/?p=161853","title":{"rendered":"Esad ve Putin Telefonda G\u00f6r\u00fc\u015ft\u00fc"},"content":{"rendered":"<p>\u015eAM \u2013 Cumhurba\u015fkan\u0131 Be\u015f\u015far el Esad ve Rusya Ba\u015fkan\u0131 Vladimir Putin aras\u0131nda ger\u00e7ekle\u015fen telefon g\u00f6r\u00fc\u015fmesinde iki lider Suriye\u2019de son durum ve geli\u015fmeleri ele al\u0131rlarken; \u0130dlib konusunda sa\u011flanan anla\u015fma ve bu anla\u015fman\u0131n hayata ge\u00e7irilmesi yollar\u0131n\u0131 masaya yat\u0131rd\u0131lar.<\/p>\n<p>Telefon g\u00f6r\u00fc\u015fmesinde el Esad; Suriye&#8217;de ter\u00f6re kar\u015f\u0131 sava\u015fta asil bir g\u00f6revde bulunduklar\u0131 s\u0131rada Lazkiye sahilleri a\u00e7\u0131klar\u0131nda Rus El 20 tipi u\u00e7a\u011f\u0131n d\u00fc\u015fmesiyle \u015fehit d\u00fc\u015fen Rus askerlerden dolay\u0131 Rusya ba\u015fkan\u0131 Putin ve t\u00fcm Rusya halk\u0131na taziyelerini ifade etti.<\/p>\n<p>Telefon g\u00f6r\u00fc\u015fmesinde Putin; El 20 u\u00e7a\u011f\u0131n\u0131n d\u00fc\u015f\u00fcr\u00fclmesi sorumlulu\u011funu bir kez daha \u0130srail\u2019e y\u00fckledi.<\/p>\n<p>Rusya Ba\u015fkan\u0131 Putin; Rusya&#8217;n\u0131n, Suriye&#8217;nin hava savunma sistemini geli\u015ftirip Suriye&#8217;ye S \u2013 300 tipi yeni ve geli\u015fmi\u015f hava savunma sistemleri teslim edece\u011finin alt\u0131n\u0131 \u00e7izdi.<\/p>\n","protected":false},"excerpt":{"rendered":"<p>\u015eAM \u2013 Cumhurba\u015fkan\u0131 Be\u015f\u015far el Esad ve Rusya Ba\u015fkan\u0131 Vladimir Putin aras\u0131nda ger\u00e7ekle\u015fen telefon g\u00f6r\u00fc\u015fmesinde iki lider Suriye\u2019de son durum ve geli\u015fmeleri ele al\u0131rlarken; \u0130dlib konusunda sa\u011flanan anla\u015fma ve bu anla\u015fman\u0131n hayata ge\u00e7irilmesi yollar\u0131n\u0131 masaya yat\u0131rd\u0131lar. Telefon g\u00f6r\u00fc\u015fmesinde el Esad; Suriye&#8217;de ter\u00f6re kar\u015f\u0131 sava\u015fta asil bir g\u00f6revde bulunduklar\u0131 s\u0131rada Lazkiye sahilleri a\u00e7\u0131klar\u0131nda Rus El 20 &hellip;<\/p>\n","protected":false},"author":1,"featured_media":161854,"comment_status":"closed","ping_status":"closed","sticky":false,"template":"","format":"standard","meta":{"footnotes":""},"categories":[608,479,605,17988,478],"tags":[19968,20113,19842,35985,2587,37492,16591,22181,16744],"class_list":["post-161853","post","type-post","status-publish","format-standard","has-post-thumbnail","","category-etkinlikler","category-haberler-yerel","category-sayin-cumhurbaskani","category-son-haberler","category-yerel","tag-bessar-esad","tag-esad","tag-esad-ve-putin","tag-hava-savunma-sistemi","tag-putin","tag-s-300","tag-suriye","tag-suriyeliler","tag-vladimir-putin"],"_links":{"self":[{"href":"https:\/\/archive.sana.sy\/tr\/index.php?rest_route=\/wp\/v2\/posts\/161853","targetHints":{"allow":["GET"]}}],"collection":[{"href":"https:\/\/archive.sana.sy\/tr\/index.php?rest_route=\/wp\/v2\/posts"}],"about":[{"href":"https:\/\/archive.sana.sy\/tr\/index.php?rest_route=\/wp\/v2\/types\/post"}],"author":[{"embeddable":true,"href":"https:\/\/archive.sana.sy\/tr\/index.php?rest_route=\/wp\/v2\/users\/1"}],"replies":[{"embeddable":true,"href":"https:\/\/archive.sana.sy\/tr\/index.php?rest_route=%2Fwp%2Fv2%2Fcomments&post=161853"}],"version-history":[{"count":0,"href":"https:\/\/archive.sana.sy\/tr\/index.php?rest_route=\/wp\/v2\/posts\/161853\/revisions"}],"wp:featuredmedia":[{"embeddable":true,"href":"https:\/\/archive.sana.sy\/tr\/index.php?rest_route=\/wp\/v2\/media\/161854"}],"wp:attachment":[{"href":"https:\/\/archive.sana.sy\/tr\/index.php?rest_route=%2Fwp%2Fv2%2Fmedia&parent=161853"}],"wp:term":[{"taxonomy":"category","embeddable":true,"href":"https:\/\/archive.sana.sy\/tr\/index.php?rest_route=%2Fwp%2Fv2%2Fcategories&post=161853"},{"taxonomy":"post_tag","embeddable":true,"href":"https:\/\/archive.sana.sy\/tr\/index.php?rest_route=%2Fwp%2Fv2%2Ftags&post=161853"}],"curies":[{"name":"wp","href":"https:\/\/api.w.org\/{rel}","templated":true}]}}