{"id":161909,"date":"2018-09-24T17:33:40","date_gmt":"2018-09-24T14:33:40","guid":{"rendered":"http:\/\/www.sana.sy\/tr\/?p=161909"},"modified":"2018-09-25T13:55:15","modified_gmt":"2018-09-25T10:55:15","slug":"sarp-kayaliklarda-hakimiyet-alanlari-genisliyor-isid-agir-kayiplar-vermeye-devam-ediyor","status":"publish","type":"post","link":"https:\/\/archive.sana.sy\/tr\/?p=161909","title":{"rendered":"Tlul el Safa&#8217;da Operasyonlar Devam Ediyor"},"content":{"rendered":"<p>S\u00dcVEYDA \u2013 Suriye ordusundan birlikler destek\u00e7i kuvvetlerin i\u015fbirli\u011finde bug\u00fcn S\u00fcveyda Badiyesi derinliklerinde en son I\u015e\u0130D karargahlar\u0131ndan olan Tlul el Safa&#8217;daki sarp kayal\u0131klar b\u00f6lgesinde yeni alanlar\u0131 kurtar\u0131p radikal ter\u00f6ristleri say\u0131 ve cephane bak\u0131m\u0131ndan a\u011f\u0131r kay\u0131plara u\u011fratt\u0131.<\/p>\n<p>S\u00fcveyda SANA muhabiri, ordu birliklerimizin tekfiri \u00f6rg\u00fct ter\u00f6ristlerinden arta kalan son yuvalar\u0131 ortadan kald\u0131rmak \u00fczere askeri operasyonlar\u0131n\u0131 s\u00fcrd\u00fcrd\u00fc\u011f\u00fcn\u00fc ifade etti. Muhabir top\u00e7u birliklerle hava g\u00fc\u00e7lerimizin deste\u011finden sonra \u00f6rg\u00fct ter\u00f6ristleriyle ya\u015fanan \u015fiddetli \u00e7at\u0131\u015fmalar ard\u0131ndan tabiat\u0131 \u00e7ok zor olan u\u00e7suz bucaks\u0131z sarp kayal\u0131klar\u0131n derinliklerinde bir ka\u00e7 eksende ilerleme kaydedildi\u011fini aktard\u0131.<\/p>\n<p>Ordu birliklerimizin yeni alanlar\u0131 ellerine ge\u00e7irdiklerine dikkat \u00e7eken muhabir; b\u00f6lgenin zor yap\u0131s\u0131na uygun nitelikli operasyonlarda aralar\u0131nda keskin ni\u015fanc\u0131lar\u0131n bulundu\u011fu \u00e7ok say\u0131da ter\u00f6ristin de \u00f6ld\u00fcr\u00fcld\u00fcklerini belirtti.<\/p>\n<p>Muhabir ordu birliklerimizin ter\u00f6ristlerin \u00e7evresindeki alanlar\u0131 daraltarak, onlar\u0131n s\u0131zma ve firar giri\u015fimlerini engellediklerini, b\u00fcy\u00fck kay\u0131plar\u0131 ard\u0131ndan da saflar\u0131nda bir gerginlik, panik ve da\u011f\u0131lman\u0131n ya\u015fand\u0131\u011f\u0131n\u0131 dile getirdi.<\/p>\n<p>Muhabir, geriye kalan I\u015e\u0130D ter\u00f6ristlerinin uygun silahlarla takip edildiklerini ve \u00e7ok a\u011f\u0131r kay\u0131plara u\u011frat\u0131ld\u0131klar\u0131n\u0131 s\u00f6yledi.<\/p>\n","protected":false},"excerpt":{"rendered":"<p>S\u00dcVEYDA \u2013 Suriye ordusundan birlikler destek\u00e7i kuvvetlerin i\u015fbirli\u011finde bug\u00fcn S\u00fcveyda Badiyesi derinliklerinde en son I\u015e\u0130D karargahlar\u0131ndan olan Tlul el Safa&#8217;daki sarp kayal\u0131klar b\u00f6lgesinde yeni alanlar\u0131 kurtar\u0131p radikal ter\u00f6ristleri say\u0131 ve cephane bak\u0131m\u0131ndan a\u011f\u0131r kay\u0131plara u\u011fratt\u0131. S\u00fcveyda SANA muhabiri, ordu birliklerimizin tekfiri \u00f6rg\u00fct ter\u00f6ristlerinden arta kalan son yuvalar\u0131 ortadan kald\u0131rmak \u00fczere askeri operasyonlar\u0131n\u0131 s\u00fcrd\u00fcrd\u00fc\u011f\u00fcn\u00fc ifade etti. &hellip;<\/p>\n","protected":false},"author":1,"featured_media":161910,"comment_status":"closed","ping_status":"closed","sticky":false,"template":"","format":"standard","meta":{"footnotes":""},"categories":[479,575,17988,478],"tags":[18237,2318,16591,11549,19034,22181,37226,2930],"class_list":["post-161909","post","type-post","status-publish","format-standard","has-post-thumbnail","","category-haberler-yerel","category-olaylar-ve-gercekler","category-son-haberler","category-yerel","tag-cihatcilar","tag-isid","tag-suriye","tag-suriye-ordusu","tag-suriyeli-muhalifler","tag-suriyeliler","tag-suveyda-badiyesi","tag-teroristler"],"_links":{"self":[{"href":"https:\/\/archive.sana.sy\/tr\/index.php?rest_route=\/wp\/v2\/posts\/161909","targetHints":{"allow":["GET"]}}],"collection":[{"href":"https:\/\/archive.sana.sy\/tr\/index.php?rest_route=\/wp\/v2\/posts"}],"about":[{"href":"https:\/\/archive.sana.sy\/tr\/index.php?rest_route=\/wp\/v2\/types\/post"}],"author":[{"embeddable":true,"href":"https:\/\/archive.sana.sy\/tr\/index.php?rest_route=\/wp\/v2\/users\/1"}],"replies":[{"embeddable":true,"href":"https:\/\/archive.sana.sy\/tr\/index.php?rest_route=%2Fwp%2Fv2%2Fcomments&post=161909"}],"version-history":[{"count":0,"href":"https:\/\/archive.sana.sy\/tr\/index.php?rest_route=\/wp\/v2\/posts\/161909\/revisions"}],"wp:featuredmedia":[{"embeddable":true,"href":"https:\/\/archive.sana.sy\/tr\/index.php?rest_route=\/wp\/v2\/media\/161910"}],"wp:attachment":[{"href":"https:\/\/archive.sana.sy\/tr\/index.php?rest_route=%2Fwp%2Fv2%2Fmedia&parent=161909"}],"wp:term":[{"taxonomy":"category","embeddable":true,"href":"https:\/\/archive.sana.sy\/tr\/index.php?rest_route=%2Fwp%2Fv2%2Fcategories&post=161909"},{"taxonomy":"post_tag","embeddable":true,"href":"https:\/\/archive.sana.sy\/tr\/index.php?rest_route=%2Fwp%2Fv2%2Ftags&post=161909"}],"curies":[{"name":"wp","href":"https:\/\/api.w.org\/{rel}","templated":true}]}}