{"id":161912,"date":"2018-09-24T20:42:56","date_gmt":"2018-09-24T17:42:56","guid":{"rendered":"http:\/\/www.sana.sy\/tr\/?p=161912"},"modified":"2018-09-25T13:24:51","modified_gmt":"2018-09-25T10:24:51","slug":"cumhurbaskani-esad-suriye-merkez-bankasina-yeni-genel-mudur-atadi","status":"publish","type":"post","link":"https:\/\/archive.sana.sy\/tr\/?p=161912","title":{"rendered":"Merkez Bankas\u0131na Yeni Genel M\u00fcd\u00fcr Atand\u0131"},"content":{"rendered":"<p>\u015eAM &#8211; Cumhurba\u015fkan\u0131 Be\u015f\u015far el Esad bug\u00fcn Hazim Yunus Krunful&#8217;un Merkez Bankas\u0131 Genel M\u00fcd\u00fcr\u00fc olarak atanmas\u0131n\u0131 \u00f6ng\u00f6ren 2018\/299 nolu kararnameyi onaylad\u0131.<\/p>\n<p>2001 y\u0131l\u0131 23 say\u0131l\u0131 kanun h\u00fck\u00fcmleri ve de\u011fi\u015fikliklerine binaen Krunful&#8217;un Merkez Bankas\u0131 Genel M\u00fcd\u00fcrl\u00fc\u011f\u00fcne atanmas\u0131yla 3-7-2016 tarih 205 say\u0131l\u0131 kararname h\u00fckm\u00fcn\u00fc y\u00fcr\u00fcrl\u00fckten kald\u0131r\u0131lm\u0131\u015f oluyor.<\/p>\n","protected":false},"excerpt":{"rendered":"<p>\u015eAM &#8211; Cumhurba\u015fkan\u0131 Be\u015f\u015far el Esad bug\u00fcn Hazim Yunus Krunful&#8217;un Merkez Bankas\u0131 Genel M\u00fcd\u00fcr\u00fc olarak atanmas\u0131n\u0131 \u00f6ng\u00f6ren 2018\/299 nolu kararnameyi onaylad\u0131. 2001 y\u0131l\u0131 23 say\u0131l\u0131 kanun h\u00fck\u00fcmleri ve de\u011fi\u015fikliklerine binaen Krunful&#8217;un Merkez Bankas\u0131 Genel M\u00fcd\u00fcrl\u00fc\u011f\u00fcne atanmas\u0131yla 3-7-2016 tarih 205 say\u0131l\u0131 kararname h\u00fckm\u00fcn\u00fc y\u00fcr\u00fcrl\u00fckten kald\u0131r\u0131lm\u0131\u015f oluyor.<\/p>\n","protected":false},"author":1,"featured_media":148639,"comment_status":"closed","ping_status":"closed","sticky":false,"template":"","format":"standard","meta":{"footnotes":""},"categories":[485,486,479,605,17988,612,599,478],"tags":[20113,18355,2755,16591,22181],"class_list":["post-161912","post","type-post","status-publish","format-standard","has-post-thumbnail","","category-is-ve-sermaye","category-haberler-is-ve-sermaye","category-haberler-yerel","category-sayin-cumhurbaskani","category-son-haberler","category-yasama-kararnameler","category-yasama-ve-kanunlar","category-yerel","tag-esad","tag-merkez-bankasi","tag-sam","tag-suriye","tag-suriyeliler"],"_links":{"self":[{"href":"https:\/\/archive.sana.sy\/tr\/index.php?rest_route=\/wp\/v2\/posts\/161912","targetHints":{"allow":["GET"]}}],"collection":[{"href":"https:\/\/archive.sana.sy\/tr\/index.php?rest_route=\/wp\/v2\/posts"}],"about":[{"href":"https:\/\/archive.sana.sy\/tr\/index.php?rest_route=\/wp\/v2\/types\/post"}],"author":[{"embeddable":true,"href":"https:\/\/archive.sana.sy\/tr\/index.php?rest_route=\/wp\/v2\/users\/1"}],"replies":[{"embeddable":true,"href":"https:\/\/archive.sana.sy\/tr\/index.php?rest_route=%2Fwp%2Fv2%2Fcomments&post=161912"}],"version-history":[{"count":0,"href":"https:\/\/archive.sana.sy\/tr\/index.php?rest_route=\/wp\/v2\/posts\/161912\/revisions"}],"wp:featuredmedia":[{"embeddable":true,"href":"https:\/\/archive.sana.sy\/tr\/index.php?rest_route=\/wp\/v2\/media\/148639"}],"wp:attachment":[{"href":"https:\/\/archive.sana.sy\/tr\/index.php?rest_route=%2Fwp%2Fv2%2Fmedia&parent=161912"}],"wp:term":[{"taxonomy":"category","embeddable":true,"href":"https:\/\/archive.sana.sy\/tr\/index.php?rest_route=%2Fwp%2Fv2%2Fcategories&post=161912"},{"taxonomy":"post_tag","embeddable":true,"href":"https:\/\/archive.sana.sy\/tr\/index.php?rest_route=%2Fwp%2Fv2%2Ftags&post=161912"}],"curies":[{"name":"wp","href":"https:\/\/api.w.org\/{rel}","templated":true}]}}