{"id":161918,"date":"2018-09-24T22:01:23","date_gmt":"2018-09-24T19:01:23","guid":{"rendered":"http:\/\/www.sana.sy\/tr\/?p=161918"},"modified":"2018-09-25T13:26:07","modified_gmt":"2018-09-25T10:26:07","slug":"iran-ekonomi-heyeti-sam-ticaret-odasiyla-karsilikli-ticaret-hacminin-arttirilmasi-yollarini-ele-aldi","status":"publish","type":"post","link":"https:\/\/archive.sana.sy\/tr\/?p=161918","title":{"rendered":"\u0130ki Taraf Ticaret Hacmini Artt\u0131r\u0131yor"},"content":{"rendered":"<p>\u015eAM &#8211; \u015eam Ticaret Odas\u0131 Y\u00f6netim Kurulu bug\u00fcn \u0130ran ekonomi ve ticaret heyeti ile iki \u00fclke aras\u0131ndaki ticaret hacmini artt\u0131rmak i\u00e7in ekonomik ili\u015fkileri ve mekanizmalar\u0131n\u0131 geli\u015ftirme yollar\u0131n\u0131 ele ald\u0131.<br \/>\n\u015eam Ticaret Odas\u0131 Ba\u015fkan Yard\u0131mc\u0131s\u0131 Ammar el Berdan, Suriye ile \u0130ran aras\u0131ndaki ekonomik ili\u015fkileri geli\u015ftirmek i\u00e7in \u00e7al\u0131\u015fman\u0131n \u00f6nemini vurgulad\u0131.<\/p>\n<p>\u00d6te yandan \u015eam Ticaret Odas\u0131 Genel Sekreteri Muhammed Ham\u015fo; ikili ili\u015fkilerin ortak yat\u0131r\u0131m projelerinin yap\u0131lmas\u0131 kanal\u0131yla geli\u015ftirilmesinde \u00f6zel sekt\u00f6r\u00fcn aktif rol\u00fcne i\u015faret etti.<br \/>\nKendi y\u00f6n\u00fcnden Suriye-\u0130ran ekonomik ili\u015fkileri komitesi ba\u015fkan\u0131 \u0130ran heyeti ba\u015fkan\u0131, Hasan Dana&#8217;i, iki \u00fclke aras\u0131nda var olan ili\u015fkilerin derinli\u011fine dikkat \u00e7ekti.<\/p>\n<p>\u0130ranl\u0131 heyet ba\u015fkan\u0131 iki \u00fclkedeki i\u015fadamlar\u0131n\u0131n ekonomik ili\u015fkileri iyile\u015ftirmek ve geli\u015ftirmek i\u00e7in, i\u015f adamlar\u0131 konseylerinin aktifle\u015ftirilmesi ile turizm alan\u0131nda geni\u015f imkan ve f\u0131rsatlar\u0131n varl\u0131\u011f\u0131yla buna \u00f6zel ufuklar\u0131n a\u00e7\u0131lmas\u0131 yolunda \u00e7abalar\u0131n harcanmas\u0131na \u00e7a\u011fr\u0131 yapt\u0131.<\/p>\n","protected":false},"excerpt":{"rendered":"<p>\u015eAM &#8211; \u015eam Ticaret Odas\u0131 Y\u00f6netim Kurulu bug\u00fcn \u0130ran ekonomi ve ticaret heyeti ile iki \u00fclke aras\u0131ndaki ticaret hacmini artt\u0131rmak i\u00e7in ekonomik ili\u015fkileri ve mekanizmalar\u0131n\u0131 geli\u015ftirme yollar\u0131n\u0131 ele ald\u0131. \u015eam Ticaret Odas\u0131 Ba\u015fkan Yard\u0131mc\u0131s\u0131 Ammar el Berdan, Suriye ile \u0130ran aras\u0131ndaki ekonomik ili\u015fkileri geli\u015ftirmek i\u00e7in \u00e7al\u0131\u015fman\u0131n \u00f6nemini vurgulad\u0131. \u00d6te yandan \u015eam Ticaret Odas\u0131 Genel Sekreteri &hellip;<\/p>\n","protected":false},"author":1,"featured_media":161919,"comment_status":"closed","ping_status":"closed","sticky":false,"template":"","format":"standard","meta":{"footnotes":""},"categories":[485,486,479,17988,478],"tags":[21525,16591,20976,22181,37502],"class_list":["post-161918","post","type-post","status-publish","format-standard","has-post-thumbnail","","category-is-ve-sermaye","category-haberler-is-ve-sermaye","category-haberler-yerel","category-son-haberler","category-yerel","tag-sam-ticaret-odasi","tag-suriye","tag-suriye-ve-iran","tag-suriyeliler","tag-ticaret-hacmi"],"_links":{"self":[{"href":"https:\/\/archive.sana.sy\/tr\/index.php?rest_route=\/wp\/v2\/posts\/161918","targetHints":{"allow":["GET"]}}],"collection":[{"href":"https:\/\/archive.sana.sy\/tr\/index.php?rest_route=\/wp\/v2\/posts"}],"about":[{"href":"https:\/\/archive.sana.sy\/tr\/index.php?rest_route=\/wp\/v2\/types\/post"}],"author":[{"embeddable":true,"href":"https:\/\/archive.sana.sy\/tr\/index.php?rest_route=\/wp\/v2\/users\/1"}],"replies":[{"embeddable":true,"href":"https:\/\/archive.sana.sy\/tr\/index.php?rest_route=%2Fwp%2Fv2%2Fcomments&post=161918"}],"version-history":[{"count":0,"href":"https:\/\/archive.sana.sy\/tr\/index.php?rest_route=\/wp\/v2\/posts\/161918\/revisions"}],"wp:featuredmedia":[{"embeddable":true,"href":"https:\/\/archive.sana.sy\/tr\/index.php?rest_route=\/wp\/v2\/media\/161919"}],"wp:attachment":[{"href":"https:\/\/archive.sana.sy\/tr\/index.php?rest_route=%2Fwp%2Fv2%2Fmedia&parent=161918"}],"wp:term":[{"taxonomy":"category","embeddable":true,"href":"https:\/\/archive.sana.sy\/tr\/index.php?rest_route=%2Fwp%2Fv2%2Fcategories&post=161918"},{"taxonomy":"post_tag","embeddable":true,"href":"https:\/\/archive.sana.sy\/tr\/index.php?rest_route=%2Fwp%2Fv2%2Ftags&post=161918"}],"curies":[{"name":"wp","href":"https:\/\/api.w.org\/{rel}","templated":true}]}}