{"id":162208,"date":"2018-09-28T12:00:12","date_gmt":"2018-09-28T09:00:12","guid":{"rendered":"http:\/\/www.sana.sy\/tr\/?p=162208"},"modified":"2018-09-29T13:47:35","modified_gmt":"2018-09-29T10:47:35","slug":"arap-sampiyonasinda-altin-madalya-kazandi","status":"publish","type":"post","link":"https:\/\/archive.sana.sy\/tr\/?p=162208","title":{"rendered":"Arap \u015eampiyonas\u0131nda 2 Alt\u0131n Madalya Kazand\u0131k\u200f"},"content":{"rendered":"<p>BEYRUT \u2013 Suriye&#8217;nin Kerame Kul\u00fcb\u00fc sporcular\u0131ndan Hedil Horani; L\u00fcbnan\u2019\u0131n ba\u015fkenti Beyrut\u2019ta d\u00fczenlenmekte olan Arap Judo \u015eampiyonas\u0131nda alt\u0131n madalya kazand\u0131.<a href=\"http:\/\/www.sana.sy\/tr\/wp-content\/uploads\/2018\/09\/2-101.jpg\"><img loading=\"lazy\" decoding=\"async\" class=\"alignright wp-image-162223 \" src=\"http:\/\/www.sana.sy\/tr\/wp-content\/uploads\/2018\/09\/2-101-213x300.jpg\" alt=\"\" width=\"140\" height=\"197\" srcset=\"https:\/\/archive.sana.sy\/tr\/wp-content\/uploads\/2018\/09\/2-101-213x300.jpg 213w, https:\/\/archive.sana.sy\/tr\/wp-content\/uploads\/2018\/09\/2-101-106x150.jpg 106w, https:\/\/archive.sana.sy\/tr\/wp-content\/uploads\/2018\/09\/2-101.jpg 300w\" sizes=\"auto, (max-width: 140px) 100vw, 140px\" \/><\/a><\/p>\n<p>\u015eampiyon Horani \u00fc\u00e7 ma\u00e7ta sa\u011flad\u0131\u011f\u0131 galibiyetten sonra final ma\u00e7\u0131nda L\u00fcbnanl\u0131 rakibini de yenerek alt\u0131n madalyay\u0131 kazand\u0131.<\/p>\n<p>Raha Kul\u00fcb\u00fcnden Sema Edhem ise 52 kiloda bir alt\u0131n madalya kazanmas\u0131yla b\u00f6ylece Suriye tak\u0131mlar\u0131 \u015fampiyonada iki alt\u0131n madalya kazanm\u0131\u015f oldu.\u200f<\/p>\n","protected":false},"excerpt":{"rendered":"<p>BEYRUT \u2013 Suriye&#8217;nin Kerame Kul\u00fcb\u00fc sporcular\u0131ndan Hedil Horani; L\u00fcbnan\u2019\u0131n ba\u015fkenti Beyrut\u2019ta d\u00fczenlenmekte olan Arap Judo \u015eampiyonas\u0131nda alt\u0131n madalya kazand\u0131. \u015eampiyon Horani \u00fc\u00e7 ma\u00e7ta sa\u011flad\u0131\u011f\u0131 galibiyetten sonra final ma\u00e7\u0131nda L\u00fcbnanl\u0131 rakibini de yenerek alt\u0131n madalyay\u0131 kazand\u0131. Raha Kul\u00fcb\u00fcnden Sema Edhem ise 52 kiloda bir alt\u0131n madalya kazanmas\u0131yla b\u00f6ylece Suriye tak\u0131mlar\u0131 \u015fampiyonada iki alt\u0131n madalya kazanm\u0131\u015f oldu.\u200f<\/p>\n","protected":false},"author":1,"featured_media":162222,"comment_status":"closed","ping_status":"closed","sticky":false,"template":"","format":"standard","meta":{"footnotes":""},"categories":[458,498,459,17988,496,497],"tags":[20359,37545,37544,37543,16591],"class_list":["post-162208","post","type-post","status-publish","format-standard","has-post-thumbnail","","category-dunya1","category-dunya-turnuvalari","category-haberler-arap-uluslararasi-politika","category-son-haberler","category-spor","category-yerel-turnuvalar","tag-altin-madalya","tag-arap-judo-sampiyonasi","tag-hedil-horani","tag-kerame-kulubu","tag-suriye"],"_links":{"self":[{"href":"https:\/\/archive.sana.sy\/tr\/index.php?rest_route=\/wp\/v2\/posts\/162208","targetHints":{"allow":["GET"]}}],"collection":[{"href":"https:\/\/archive.sana.sy\/tr\/index.php?rest_route=\/wp\/v2\/posts"}],"about":[{"href":"https:\/\/archive.sana.sy\/tr\/index.php?rest_route=\/wp\/v2\/types\/post"}],"author":[{"embeddable":true,"href":"https:\/\/archive.sana.sy\/tr\/index.php?rest_route=\/wp\/v2\/users\/1"}],"replies":[{"embeddable":true,"href":"https:\/\/archive.sana.sy\/tr\/index.php?rest_route=%2Fwp%2Fv2%2Fcomments&post=162208"}],"version-history":[{"count":0,"href":"https:\/\/archive.sana.sy\/tr\/index.php?rest_route=\/wp\/v2\/posts\/162208\/revisions"}],"wp:featuredmedia":[{"embeddable":true,"href":"https:\/\/archive.sana.sy\/tr\/index.php?rest_route=\/wp\/v2\/media\/162222"}],"wp:attachment":[{"href":"https:\/\/archive.sana.sy\/tr\/index.php?rest_route=%2Fwp%2Fv2%2Fmedia&parent=162208"}],"wp:term":[{"taxonomy":"category","embeddable":true,"href":"https:\/\/archive.sana.sy\/tr\/index.php?rest_route=%2Fwp%2Fv2%2Fcategories&post=162208"},{"taxonomy":"post_tag","embeddable":true,"href":"https:\/\/archive.sana.sy\/tr\/index.php?rest_route=%2Fwp%2Fv2%2Ftags&post=162208"}],"curies":[{"name":"wp","href":"https:\/\/api.w.org\/{rel}","templated":true}]}}