{"id":162292,"date":"2018-09-29T18:15:49","date_gmt":"2018-09-29T15:15:49","guid":{"rendered":"https:\/\/www.sana.sy\/tr\/?p=162292"},"modified":"2018-09-30T18:07:45","modified_gmt":"2018-09-30T15:07:45","slug":"suriye-her-turlu-teror-ve-gayri-mesru-yabanci-guclerden-arindirilacak","status":"publish","type":"post","link":"https:\/\/archive.sana.sy\/tr\/?p=162292","title":{"rendered":"Suriye Her T\u00fcrl\u00fc Ter\u00f6r ve Gayr\u0131 Me\u015fru Yabanc\u0131 G\u00fc\u00e7lerden Ar\u0131nd\u0131r\u0131lacak (video)"},"content":{"rendered":"<p>NEW YORK \u2013 New York\u2019ta d\u00fczenlenen Birle\u015fmi\u015f Milletler genel kurulunun 73. D\u00f6nem toplant\u0131lar\u0131nda Suriye heyeti ba\u015fkan\u0131 Ba\u015fbakan Yard\u0131mc\u0131s\u0131 D\u0131\u015fi\u015fleri ve Gurbet\u00e7iler Bakan\u0131 Velid Muallim bug\u00fcn Suriye ad\u0131na bir konu\u015fma yapt\u0131.<\/p>\n<p><span style=\"color: #0000ff\">\u00dc\u00e7 S\u00fcre\u00e7 E\u015f Zamanl\u0131 Olarak B\u00fcy\u00fck Bir \u00d6zenle Devam Ediyor<\/span><\/p>\n<p>Muallim konu\u015fmas\u0131nda Suriye\u2019nin b\u00fcy\u00fck \u00e7o\u011funlu\u011funun ter\u00f6rden kurtar\u0131l\u0131p g\u00fcvenlik ve istikrar\u0131n peki\u015ftirildi\u011fini vurgularken, ter\u00f6rle m\u00fccadelenin son s\u00fcrecine gelindi\u011fini belirtti.<\/p>\n<p>Suriye&#8217;de ter\u00f6rle m\u00fccadelede sa\u011flanan ilerlemeye e\u015f zamanl\u0131 olarak yeniden yap\u0131lanma s\u00fcreci ve tehcir edilen Suriyelilerin d\u00f6n\u00fc\u015fleri s\u00fcrecine b\u00fcy\u00fck bir \u00f6nem ve \u00f6zen g\u00f6sterildi\u011fini ifade eden Muallim; siyasi \u00e7\u00f6z\u00fcm s\u00fcrecinin de paralel bir \u015fekilde b\u00fcy\u00fck bir \u00f6zen ve \u00e7abayla s\u00fcrd\u00fcr\u00fcld\u00fc\u011f\u00fcn\u00fc kaydetti. Muallim bu s\u00fcre\u00e7lerde Suriye&#8217;nin ulusal ilkeleri, toprak b\u00fct\u00fcnl\u00fc\u011f\u00fc ve egemenli\u011fine s\u0131ms\u0131k\u0131 tutundu\u011funu, bu ilkelerinden hi\u00e7bir ko\u015ful alt\u0131nda \u00f6d\u00fcn vermesinin m\u00fcmk\u00fcn olmad\u0131\u011f\u0131n\u0131n alt\u0131n\u0131 \u00e7izdi.<\/p>\n<p><span style=\"color: #0000ff\">Zafer Mutlaka Halklar\u0131n \u0130radesinin Zaferi Olacakt\u0131r<\/span><\/p>\n<p>D\u00fcnyan\u0131n her yerinde daha fazla g\u00fcvenlik ve istikrar\u0131n sa\u011flanmas\u0131nda BM genel kurulu toplant\u0131lar\u0131na her defas\u0131nda umutlarla gelindi\u011fine i\u015faret eden Muallim; Suriye&#8217;nin bu d\u00f6nem toplant\u0131lar\u0131nda da ayn\u0131 umuda tutundu\u011funu s\u00f6yledi.<\/p>\n<p>Muallim Suriye ve Suriyelilerin yedi y\u0131ldan fazla s\u00fcredir ya\u015fad\u0131klar\u0131 deneyimler sonucunda bir kez daha zaferin er ya da ge\u00e7 mutlaka halklar\u0131n iradesinin zaferi olaca\u011f\u0131na inan\u00e7lar\u0131n\u0131 peki\u015ftirdiklerini vurgulad\u0131.<\/p>\n<p>Suriye ve halk\u0131n\u0131n yedi y\u0131ldan fazla s\u00fcredir d\u00fcnyan\u0131n her yerinden seferber edilip edat olarak kullan\u0131lan ter\u00f6r nedeniyle ya\u015fad\u0131\u011f\u0131 ac\u0131lara \u0131\u015f\u0131k tutan Muallim; Suriye ve halk\u0131n\u0131n t\u00fcm bu ac\u0131lara ve dayatmalara ra\u011fmen ter\u00f6r ve destek\u00e7ilerine boyun e\u011fmediklerinin alt\u0131n\u0131 \u00e7izdi. Muallim Suriye ve Suriyelilerin bu muhtelif y\u00f6nl\u00fc sava\u015fta varl\u0131klar\u0131n\u0131, tarihlerini, k\u00fclt\u00fcrlerini ve geleceklerini savunduklar\u0131n\u0131, dolay\u0131s\u0131yla hi\u00e7bir ko\u015ful alt\u0131nda ulusal ilkelerinden ve m\u00fccadelelerinden caymalar\u0131n\u0131n kesinlikle m\u00fcmk\u00fcn olmad\u0131\u011f\u0131n\u0131n alt\u0131n\u0131 \u00e7izdi.<\/p>\n<p><span style=\"color: #0000ff\">Suriye&#8217;de G\u00fcvenlik ve \u0130stikrar Peki\u015ftirildi<\/span><\/p>\n<p><a href=\"https:\/\/www.sana.sy\/tr\/wp-content\/uploads\/2018\/09\/2-107.jpg\"><img loading=\"lazy\" decoding=\"async\" class=\"alignright wp-image-162305 size-medium\" style=\"line-height: 1.5\" src=\"https:\/\/www.sana.sy\/tr\/wp-content\/uploads\/2018\/09\/2-107-300x168.jpg\" alt=\"\" width=\"300\" height=\"168\" srcset=\"https:\/\/archive.sana.sy\/tr\/wp-content\/uploads\/2018\/09\/2-107-300x168.jpg 300w, https:\/\/archive.sana.sy\/tr\/wp-content\/uploads\/2018\/09\/2-107-150x84.jpg 150w, https:\/\/archive.sana.sy\/tr\/wp-content\/uploads\/2018\/09\/2-107.jpg 660w\" sizes=\"auto, (max-width: 300px) 100vw, 300px\" \/><\/a>Muallim; Suriye ve Suriyelilerin yedi y\u0131ldan fazla s\u00fcredir ter\u00f6r\u00fcn edat olarak kullan\u0131ld\u0131\u011f\u0131 bu sava\u015f\u0131n ba\u015f\u0131ndan beri kendilerine kar\u015f\u0131 oynanan bahisler, \u00f6ne s\u00fcr\u00fclen iddialar ve iftiralara meydan okuduklar\u0131n\u0131 kaydetti.<\/p>\n<p>D\u00fcnyan\u0131n her yerinden ter\u00f6ristlerin seferber dilip e\u011fitilmeleri ve donat\u0131lmalar\u0131 ard\u0131ndan Suriye&#8217;ye kar\u015f\u0131 sal\u0131nd\u0131klar\u0131n\u0131 belirten Muallim; bu ter\u00f6ristlerin i\u015fverenleri d\u0131\u015f g\u00fc\u00e7lerin t\u00fcm medya, siyasi, mali, lojistik ve her t\u00fcrl\u00fc olanaklar\u0131n\u0131 da bu ter\u00f6r\u00fcn hizmetine seferber ettiklerini kaydetti.<\/p>\n<p>Muallim buna ra\u011fmen Suriye ve Suriyelilerin ter\u00f6r ve destek\u00e7ilerine kar\u015f\u0131 \u015fanl\u0131 zaferler kaydedip, Suriye&#8217;nin b\u00fcy\u00fck \u00e7o\u011funlu\u011funda g\u00fcvenlik ve istikrar\u0131 sa\u011flamay\u0131 ba\u015fard\u0131klar\u0131n\u0131 belirtti. Halk ve ordunun omuz omuza verdikleri \u015fanl\u0131 m\u00fccadele sonucunda ter\u00f6r ve destek\u00e7ilerine kar\u015f\u0131 sa\u011flanan zaferlere dikkat \u00e7eken Muallim; dost ve m\u00fcttefik g\u00fc\u00e7lerin katk\u0131 ve desteklerine de vurgu yapt\u0131.<\/p>\n<p><span style=\"color: #0000ff\">Suriye&#8217;nin Her Kar\u0131\u015f Topra\u011f\u0131 Ter\u00f6r ve Gayr\u0131 Me\u015fru Yabanc\u0131 G\u00fc\u00e7lerden Ar\u0131nd\u0131r\u0131lacak<\/span><\/p>\n<p>Muallim ter\u00f6r ve destek\u00e7ilerine kar\u015f\u0131 sa\u011flanan bu zaferlerin devam edece\u011fini ifade ederken, Suriye&#8217;nin vatan topraklar\u0131n\u0131n her kar\u0131\u015f\u0131n\u0131 her t\u00fcrl\u00fc ter\u00f6r ve gayr\u0131 me\u015fru yabanc\u0131 g\u00fc\u00e7lerden ar\u0131nd\u0131r\u0131p kurtarmada kutsal m\u00fccadelesini azim ve kararl\u0131l\u0131kla s\u00fcrd\u00fcrece\u011finin alt\u0131n\u0131 \u00e7izdi.<\/p>\n<p>Suriye&#8217;nin bu ba\u011flamda hi\u00e7bir bask\u0131, dayatma, sald\u0131r\u0131, su\u00e7lama ya da as\u0131ls\u0131z iddialar\u0131 kesinlikle ald\u0131rmayaca\u011f\u0131n\u0131 belirten Muallim; Suriye&#8217;nin bu me\u015fru hakk\u0131 ve g\u00f6revini tart\u0131\u015fma konusu yapmas\u0131 veya \u00f6d\u00fcn vermesinin s\u00f6z konusu bile olmayaca\u011f\u0131n\u0131 kaydetti.<\/p>\n<p><span style=\"color: #0000ff\">Ter\u00f6r Hari\u00e7 Her \u015eeye Kar\u015f\u0131 Sava\u015ft\u0131lar<\/span><\/p>\n<p>Bir k\u0131s\u0131m devletlerin Suriye&#8217;nin kendi topraklar\u0131nda radikal ter\u00f6re kar\u015f\u0131 topraklar\u0131n\u0131 ve halk\u0131n\u0131 savunmada me\u015fru hakk\u0131n\u0131 inkar ettiklerine dikkat \u00e7eken Muallim; bu devletlerin ter\u00f6rle m\u00fccadeleye \u00f6nem verdiklerini iddia edip uluslar aras\u0131 koalisyonlar kurduklar\u0131n\u0131 kaydetti.<\/p>\n<p>Muallim fakat bu devletler ve koalisyonlar\u0131n\u0131n Suriye&#8217;de ter\u00f6ristler hari\u00e7, ter\u00f6rle ger\u00e7ekten ve ciddi bir \u015fekilde m\u00fccadele eden Suriye ordusu dahil her \u015feyi hedef ald\u0131klar\u0131n\u0131 vurgulad\u0131. Bu g\u00fc\u00e7lerin Suriye&#8217;deki hedeflerinin radikal ter\u00f6ristlerin hedefleriyle bir oldu\u011funun kan\u0131tland\u0131\u011f\u0131n\u0131 ifade eden Muallim; t\u00fcm\u00fcn\u00fcn temel hedeflerinin Suriye&#8217;de kaos, y\u0131k\u0131m ve \u00f6l\u00fcm\u00fc s\u00fcrd\u00fcrme ve krizin \u00e7\u00f6z\u00fcm\u00fcn\u00fc engellemek oldu\u011funun ortada oldu\u011funu s\u00f6yledi.<\/p>\n<p>Muallim bu devletler ve koalisyonlar\u0131n\u0131n Suriye&#8217;de bir k\u0131s\u0131m yerle\u015fim alanlar\u0131n\u0131 yerle bir ettiklerini, farkl\u0131 b\u00f6lgelerde altyap\u0131 ve hizmet kurumlar\u0131n\u0131 yok ettiklerini, masum sivil vatanda\u015flar\u0131 kas\u0131tl\u0131 bir \u015fekilde bombalad\u0131klar\u0131n\u0131, y\u00fczlerce \u00e7ocuk ve kad\u0131n\u0131n aralar\u0131nda bulundu\u011fu y\u00fcksek say\u0131da masum sivili \u015fehit ve yaral\u0131 d\u00fc\u015f\u00fcrd\u00fcklerinin alt\u0131n\u0131 \u00e7izdi.<\/p>\n<p>Muallim ter\u00f6re kar\u015f\u0131 sava\u015ft\u0131klar\u0131n\u0131 iddia eden bu devletler ve koalisyonlar\u0131n\u0131n tam tersine bir\u00e7ok b\u00f6lgede ter\u00f6re muhtelif t\u00fcr direk ve dolayl\u0131 destek temin ettiklerini belirtti.<\/p>\n<p><span style=\"color: #0000ff\">Suriye&#8217;de Ya\u015fanan Sava\u015f Uluslararas\u0131 Sahan\u0131n Bir Uzant\u0131s\u0131d\u0131r<\/span><\/p>\n<p>Suriye&#8217;de ya\u015fanan sava\u015f\u0131n uluslar aras\u0131 sahan\u0131n ayr\u0131lmaz bir par\u00e7as\u0131 oldu\u011funa dikkat \u00e7eken Muallim; d\u00fcnyada iki eksen aras\u0131nda ya\u015fanan sava\u015fa i\u015faret etti.<\/p>\n<p>Muallim bu eksenlerin ilkinin uluslar aras\u0131 kanun ve kararlar\u0131n hayata ge\u00e7irilmesiyle birlikte bar\u0131\u015f, istikrar ve g\u00fcvenli\u011fin peki\u015ftirilmesini ama\u00e7lad\u0131\u011f\u0131n\u0131 ifade etti. \u0130kinci eksenin ise bunun tam tersine uluslar aras\u0131 kanunlar ve kararlar\u0131 hi\u00e7e sayd\u0131\u011f\u0131n\u0131 belirten Muallim; bunlar\u0131n amac\u0131n\u0131n d\u00fcnya \u00fclkeleri ve halklar\u0131na kar\u015f\u0131 hegemonya sa\u011flama ve s\u00f6m\u00fcrmek oldu\u011funa dikkat \u00e7ekti.<\/p>\n<p><span style=\"color: #0000ff\">Suriyelilerin Geri D\u00f6n\u00fc\u015fleri Devam Ediyor<\/span><\/p>\n<p>Suriye&#8217;nin ter\u00f6r ve destek\u00e7ilerine kar\u015f\u0131 sava\u015f\u0131na e\u015f zamanl\u0131 olarak kurtar\u0131lan b\u00f6lgelerde altyap\u0131 ve hizmet kurumlar\u0131n\u0131 onarma \u00e7al\u0131\u015fmalar\u0131na da b\u00fcy\u00fck bir \u00f6nem verdi\u011fini ifade eden Muallim; bunun sonucunda bir\u00e7ok b\u00f6lgenin yeniden normale d\u00f6nd\u00fc\u011f\u00fcn\u00fc kaydetti.<\/p>\n<p><a href=\"https:\/\/www.sana.sy\/tr\/wp-content\/uploads\/2018\/09\/3-73.jpg\"><img loading=\"lazy\" decoding=\"async\" class=\"alignright wp-image-162306 size-medium\" src=\"https:\/\/www.sana.sy\/tr\/wp-content\/uploads\/2018\/09\/3-73-300x178.jpg\" alt=\"\" width=\"300\" height=\"178\" srcset=\"https:\/\/archive.sana.sy\/tr\/wp-content\/uploads\/2018\/09\/3-73-300x178.jpg 300w, https:\/\/archive.sana.sy\/tr\/wp-content\/uploads\/2018\/09\/3-73-150x89.jpg 150w, https:\/\/archive.sana.sy\/tr\/wp-content\/uploads\/2018\/09\/3-73.jpg 624w\" sizes=\"auto, (max-width: 300px) 100vw, 300px\" \/><\/a>Muallim dolay\u0131s\u0131yla daha \u00f6nce ter\u00f6r ve ekonomik yapt\u0131r\u0131mlar\u0131n yol a\u00e7t\u0131\u011f\u0131 zor ko\u015fullar nedeniyle tehcir edilen Suriyelilerin vatanlar\u0131na ve evlerine d\u00f6nmeleri i\u00e7in uygun bir ortam sa\u011fland\u0131\u011f\u0131n\u0131 belirtti.<\/p>\n<p>Son zamanlarda vatanlar\u0131na d\u00f6nen Suriyelilerin say\u0131s\u0131nda ciddi bir art\u0131\u015f kaydedildi\u011fini ifade eden Muallim; Suriyelilerin vatanlar\u0131na d\u00f6n\u00fcp gelece\u011fini yap\u0131land\u0131rmalar\u0131n\u0131n Suriye&#8217;nin temel \u00f6nceli\u011fi oldu\u011funun alt\u0131n\u0131 \u00e7izdi.<\/p>\n<p>Muallim Suriye&#8217;nin t\u00fcm vatanda\u015flar\u0131 i\u00e7in kap\u0131lar\u0131n\u0131 ard\u0131na kadar a\u00e7\u0131k tuttu\u011funu belirten Muallim; vatanlar\u0131na geri d\u00f6nen Suriyelilerin Suriye&#8217;nin i\u00e7inde bulunan vatanda\u015flardan fark\u0131 olmad\u0131klar\u0131n\u0131 ifade etti. Devletin istisnas\u0131z t\u00fcm vatanda\u015flar\u0131na onurlu ve h\u00fcr bir ya\u015fam temin etme \u00f6zenini kaydeden Muallim; temel gereksinimlerini kar\u015f\u0131lamak i\u00e7in her gayreti g\u00f6sterdi\u011fini s\u00f6yledi.<\/p>\n<p><span style=\"color: #0000ff\">Bir K\u0131s\u0131m Devletler Suriyelilerin D\u00f6n\u00fc\u015flerini Engellemeye \u00c7al\u0131\u015f\u0131yor<\/span><\/p>\n<p>Muallim Suriye ve halk\u0131na y\u00f6nelik muhtelif y\u00f6nl\u00fc sava\u015f\u0131n ba\u015f\u0131ndan beri kirli bir rol oynayan bir k\u0131s\u0131m devletlerin bu d\u00fc\u015fmanc\u0131 rollerini s\u00fcrd\u00fcr\u00fcp Suriyelilerin vatanlar\u0131na d\u00f6n\u00fc\u015flerini engellemeye \u00e7al\u0131\u015ft\u0131klar\u0131n\u0131 belirtti.<\/p>\n<p>Muallim bu devletlerin daha \u00f6nce oldu\u011fu gibi \u015fimdi de insani meseleleri politikle\u015ftirip ajandalar\u0131n\u0131 hayata ge\u00e7irmek i\u00e7in edat kulland\u0131klar\u0131n\u0131 ifade etti. Bu devletlerin Suriyelilerin d\u00f6n\u00fc\u015flerini engellemek i\u00e7in as\u0131ls\u0131z iddialar ve su\u00e7lamalar \u00f6ne s\u00fcrd\u00fcklerine dikkat \u00e7eken Muallim; as\u0131ls\u0131z yalanlarla ger\u00e7ekleri \u00e7arp\u0131t\u0131p Suriyelileri korkuttuklar\u0131n\u0131 ifade etti.<\/p>\n<p><span style=\"color: #0000ff\">Ko\u015fullar Dayatmakla Yeniden Yap\u0131lanma S\u00fcrecine Kat\u0131lamayacaklar<\/span><\/p>\n<p>Suriye&#8217;de yeniden yap\u0131lanma s\u00fcreci konusunda ise Muallim; Suriyelilerin dost ve m\u00fcttefiklerle bu s\u00fcreci ba\u015far\u0131yla icra etme azim ve kararl\u0131l\u0131\u011f\u0131nda olduklar\u0131n\u0131 belirtti.<\/p>\n<p>Muallim bu s\u00fcrece temel \u00f6nceli\u011fin Suriye ve halk\u0131ndan yana tutum al\u0131p sava\u015fta destek olan dost ve m\u00fcttefiklerin temel \u00f6nceli\u011fi olaca\u011f\u0131n\u0131 vurgulad\u0131. Ter\u00f6rle m\u00fccadelede net bir tav\u0131r tak\u0131nan devletlerin de memnuniyetle kar\u015f\u0131lanacaklar\u0131n\u0131 s\u00f6yleyen Muallim; fakat Suriye ve halk\u0131na kar\u015f\u0131 sava\u015fta rol oynayanlar ya da ko\u015fullar dayatmaya \u00e7al\u0131\u015fanlar\u0131n kesinlikle kabul edilemeyeceklerini belirtti.<\/p>\n<p><span style=\"color: #0000ff\">Ulusal \u0130lkelerimiz ve Egemenli\u011fimiz Temelinde Her Olumlu Giri\u015fime A\u00e7\u0131\u011f\u0131z<\/span><\/p>\n<p><a href=\"https:\/\/www.sana.sy\/tr\/wp-content\/uploads\/2018\/09\/moallem.jpg\"><img loading=\"lazy\" decoding=\"async\" class=\"alignright wp-image-162300 size-medium\" src=\"https:\/\/www.sana.sy\/tr\/wp-content\/uploads\/2018\/09\/moallem-300x150.jpg\" alt=\"\" width=\"300\" height=\"150\" srcset=\"https:\/\/archive.sana.sy\/tr\/wp-content\/uploads\/2018\/09\/moallem-300x150.jpg 300w, https:\/\/archive.sana.sy\/tr\/wp-content\/uploads\/2018\/09\/moallem-150x75.jpg 150w, https:\/\/archive.sana.sy\/tr\/wp-content\/uploads\/2018\/09\/moallem.jpg 660w\" sizes=\"auto, (max-width: 300px) 100vw, 300px\" \/><\/a>Muallim Suriye&#8217;nin krizin ba\u015f\u0131ndan beri ulusal egemenli\u011fi ve ba\u011f\u0131ms\u0131zl\u0131\u011f\u0131na sayg\u0131 kapsam\u0131nda ciddi uluslar aras\u0131 giri\u015fimlere a\u00e7\u0131k oldu\u011funu ve bunu pratik olarak kan\u0131tlad\u0131\u011f\u0131n\u0131 belirtti.<\/p>\n<p>Bu ba\u011flamda ter\u00f6rle m\u00fccadele kararl\u0131l\u0131\u011f\u0131na e\u015f zamanl\u0131 olarak siyasi \u00e7\u00f6z\u00fcme de gereken \u00f6nem ve \u00f6zeni verdi\u011fini ifade den Muallim; yurdun farkl\u0131 b\u00f6lgelerinde sa\u011flanan uzla\u015fmalar\u0131n kaydetti\u011fi ba\u015far\u0131lar\u0131n Suriye&#8217;nin bu y\u00f6ndeki ciddiyetini net bir \u015fekilde kan\u0131tlad\u0131\u011f\u0131n\u0131 belirtti.<\/p>\n<p>Muallim Suriye&#8217;de herhangi bir \u00e7\u00f6z\u00fcm\u00fcn mutlak bir \u015fekilde Suriyeliler aras\u0131nda kararla\u015ft\u0131r\u0131lmas\u0131 gere\u011finin alt\u0131n\u0131 \u00e7izdi. Hi\u00e7bir dayatma, bask\u0131 ve d\u0131\u015f m\u00fcdahalenin kesinlikle kabul edilemez oldu\u011funu vurgulayan Muallim; ter\u00f6r ve destek\u00e7ilerin askeri yollarla alamad\u0131klar\u0131n\u0131 siyasi yollarla almalar\u0131na izin vermenin s\u00f6z konusu bile olamayaca\u011f\u0131n\u0131 ifade etti.<\/p>\n<p><span style=\"color: #0000ff\">Anayasa Komitesinin G\u00f6revi Mevcut Anayasay\u0131 Tart\u0131\u015fmakt\u0131r<\/span><\/p>\n<p>Suriye anayasas\u0131na ili\u015fkin te\u015fkil edilmesi kararla\u015ft\u0131r\u0131lan komite konusunda ise Muallim; Suriye&#8217;nin bu komitenin kurulmas\u0131, g\u00f6rev ve yetkilerine ili\u015fkin b\u00fct\u00fcnsel ve pratik bir vizyon sundu\u011funu belirtti.<\/p>\n<p>Komitenin g\u00f6rev ve yetkisinin yeni bir anayasa koymak ya da mevcut anayasay\u0131 de\u011fi\u015ftirmek olmad\u0131\u011f\u0131n\u0131 vurgulayan Muallim; komitenin g\u00f6rev ve yetkisinin sadece mevcut anayasay\u0131 tart\u0131\u015fmak ve \u00f6nerilerde bulunmak oldu\u011funu belirtti. Muallim yabanc\u0131 m\u00fcdahale ya da dayatma olmadan kararla\u015ft\u0131r\u0131lacak anayasan\u0131n Suriyelilerin bizzat kendileri taraf\u0131ndan onaylan\u0131p kabul edilece\u011fini ifade etti.<\/p>\n<p>Muallim anayasa ve egemenlikle ilgili t\u00fcm meselelerin sadece ve sadece Suriyeliler taraf\u0131ndan kararla\u015ft\u0131r\u0131l\u0131p hi\u00e7bir dayatma ya da m\u00fcdahalenin hi\u00e7bir \u015fekilde kabul edilemez oldu\u011funun bir kez daha alt\u0131n\u0131 \u00e7izdi.<\/p>\n<p><span style=\"color: #0000ff\">Suriye Ter\u00f6re Kar\u015f\u0131 Sadece Askeri Sava\u015fta Bulunmad\u0131<\/span><\/p>\n<p>Suriye&#8217;nin bunca y\u0131ld\u0131r ter\u00f6re kar\u015f\u0131 sadece askeri olarak sava\u015fmad\u0131\u011f\u0131n\u0131 belirten Muallim; bu sava\u015fta medeniyet sava\u015f\u0131 verdi\u011fini ifade etti. Muallim Suriye&#8217;de sava\u015f\u0131n k\u00fclt\u00fcr ile y\u0131k\u0131m, \u00f6l\u00fcm ve radikalli\u011fe kar\u015f\u0131 bir sava\u015f oldu\u011funu, k\u00fclt\u00fcr, ho\u015fg\u00f6r\u00fc, bar\u0131\u015f ve var olma sava\u015f\u0131 oldu\u011funu ifade etti.<\/p>\n<p>Muallim d\u0131\u015f g\u00fc\u00e7lerin talimat ve deste\u011fi ile hareket eden ter\u00f6ristlerin radikal ideoloji ile Suriye&#8217;de k\u00fclt\u00fcr, medeniyet, altyap\u0131, hizmet kurumlar\u0131, sivil vatanda\u015flar\u0131, insanl\u0131\u011f\u0131 ve her \u015feyi sistematik ve vah\u015fi bir \u015fekilde hedef ald\u0131klar\u0131n\u0131 belirtti.<\/p>\n<p><span style=\"color: #0000ff\">Suriye Her Daim Kimyasal Silah Kullan\u0131m\u0131n\u0131 K\u0131nad\u0131 ve K\u0131n\u0131yor<\/span><\/p>\n<p>Kimyasal silah kullan\u0131m\u0131 konusunda Suriye&#8217;ye yap\u0131lan su\u00e7lamalar\u0131 ele\u015ftiren Muallim; Suriye&#8217;nin hyer daim kimyasal dahil her t\u00fcrl\u00fc kitle imha silahlar\u0131n\u0131n kullan\u0131m\u0131 k\u0131nay\u0131p mutlak bir \u015fekilde kar\u015f\u0131 oldu\u011funu belirtti.<\/p>\n<p>Muallim Suriye&#8217;nin her t\u00fcrl\u00fc kimyasal silah tersanesini tamamen yok etti\u011fini; bunun da Uluslararas\u0131 Kimyasal Silahlar\u0131 Yasaklama \u00d6rg\u00fct\u00fc raporlar\u0131nda kan\u0131tland\u0131\u011f\u0131n\u0131 vurgulad\u0131.<\/p>\n<p>Suriye&#8217;nin kimyasal silah kullan\u0131m\u0131 konusunda uluslar aras\u0131 soru\u015fturmalar\u0131 destekledi\u011fini belirten Muallim; bu soru\u015fturmalar\u0131n su\u00e7lamalarda bulunan devletlerin bizzat kendileri taraf\u0131ndan engellendi\u011fini vurgulad\u0131.<\/p>\n<p>Muallim bir k\u0131s\u0131m devletlerin Suriye&#8217;ye sald\u0131rmak ve edat olarak kulland\u0131klar\u0131 radikal ter\u00f6ristleri desteklemek i\u00e7in kimyasal silah bahanesini kulland\u0131klar\u0131n\u0131 belirtti.<\/p>\n<p><span style=\"color: #0000ff\">Kimyasal Silah Temini Konusunda T\u00fcm Bilgileri G\u00f6z Ard\u0131 Ettiler<\/span><\/p>\n<p>Kimyasal silah sald\u0131r\u0131s\u0131 su\u00e7lamalar\u0131nda bulunan devletlerin destekledikleri ter\u00f6ristlerin kimyasal silah temin etme ve bu silahlar\u0131 sivillere kar\u015f\u0131 kullanma planlar\u0131na ili\u015fkin kesin ve kan\u0131tl\u0131 bilgiler elde edildi\u011fini ifade eden Muallim; bu bilgilerin OPCW ve BM\u2019ye aktar\u0131ld\u0131klar\u0131n\u0131 belirtti.<\/p>\n<p>Muallim fakat s\u00f6z konusu bilgilerin kas\u0131tl\u0131 bir \u015fekilde g\u00f6z ard\u0131 edildiklerini, \u00e7\u00fcnk\u00fc Suriye&#8217;ye kar\u015f\u0131 sald\u0131r\u0131 bahanesi bulmak ve d\u00fcnya kamuoyunu kand\u0131rmaya \u00e7al\u0131\u015fan belli ba\u015fl\u0131 devletlerin hesab\u0131na gelmedi\u011fini vurgulad\u0131.<\/p>\n<p><span style=\"color: #0000ff\">Katliamda Bulunan Ter\u00f6ristler ABD G\u00fc\u00e7lerinin Bulundu\u011fu B\u00f6lgeden Hareket Ettiler<\/span><\/p>\n<p><a href=\"https:\/\/www.sana.sy\/tr\/wp-content\/uploads\/2018\/09\/4-42.jpg\"><img loading=\"lazy\" decoding=\"async\" class=\"alignright wp-image-162308 size-medium\" src=\"https:\/\/www.sana.sy\/tr\/wp-content\/uploads\/2018\/09\/4-42-300x168.jpg\" alt=\"\" width=\"300\" height=\"168\" srcset=\"https:\/\/archive.sana.sy\/tr\/wp-content\/uploads\/2018\/09\/4-42-300x168.jpg 300w, https:\/\/archive.sana.sy\/tr\/wp-content\/uploads\/2018\/09\/4-42-150x84.jpg 150w, https:\/\/archive.sana.sy\/tr\/wp-content\/uploads\/2018\/09\/4-42.jpg 660w\" sizes=\"auto, (max-width: 300px) 100vw, 300px\" \/><\/a>Muallim ge\u00e7en Temmuz ay\u0131nda S\u00fcveyda Kenti ve k\u0131rsal\u0131n\u0131n maruz kald\u0131\u011f\u0131 ter\u00f6r sald\u0131r\u0131lar\u0131 ve bu sald\u0131r\u0131larda y\u00fczlerce masum sivil insan\u0131n \u015fehit ve yaral\u0131 d\u00fc\u015fmeleri olay\u0131na dikkat \u00e7ekti.<\/p>\n<p>Bu katliam\u0131 ger\u00e7ekle\u015ftiren I\u015e\u0130D\u2019li radikal ter\u00f6ristlerin ABD g\u00fc\u00e7lerinin bulunduklar\u0131 Tenf B\u00f6lgesinden harekete ge\u00e7tiklerine dikkat \u00e7eken Muallim; ABD g\u00fc\u00e7lerinin bulunduklar\u0131 b\u00f6lgelerin I\u015e\u0130D ve di\u011fer radikal ter\u00f6ristlerin g\u00fcvenli bar\u0131nak ve s\u0131\u011f\u0131naklar\u0131 haline geldi\u011finin alt\u0131n\u0131 \u00e7izdi.<\/p>\n<p>Muallim radikal ter\u00f6r\u00fc edat olarak kullanan ABD\u2019nin Guantanamo ve daha ba\u015fka yerlerden d\u00fcnyan\u0131n en az\u0131l\u0131 radikal ter\u00f6ristleri Suriye&#8217;ye seferber etti\u011fine dikkat \u00e7ekerken, bu az\u0131l\u0131 ter\u00f6ristlerin Suriye&#8217;de Nusra Cephesi, I\u015e\u0130D ve di\u011fer az\u0131l\u0131 ter\u00f6r \u00f6rg\u00fctlerin eleba\u015flar\u0131 ve komutanlar\u0131 olduklar\u0131n\u0131 vurgulad\u0131.<\/p>\n<p><span style=\"color: #0000ff\">T\u00fcrkiye Rejimi Hala Ter\u00f6ristleri Destekliyor<\/span><\/p>\n<p>T\u00fcrkiye rejiminin Suriye ve halk\u0131na y\u00f6nelik muhtelif y\u00f6nl\u00fc bu sava\u015f\u0131n ba\u015f\u0131ndan beri radikal ter\u00f6re deste\u011fine dikkat \u00e7eken Muallim; bu rejimin \u015fu ana kadar Suriye&#8217;de ter\u00f6re muhtelif t\u00fcr destek temin etmeye devam etti\u011fini vurgulad\u0131.<\/p>\n<p>Muallim T\u00fcrkiye rejiminin edat olarak kulland\u0131\u011f\u0131 ter\u00f6ristlerin ba\u015far\u0131s\u0131z olmalar\u0131yla bu rejime tabi g\u00fc\u00e7lerin direk olarak Suriye topraklar\u0131na sald\u0131rmaya ba\u015flad\u0131klar\u0131n\u0131 belirtti. T\u00fcrkiye&#8217;de rejim g\u00fc\u00e7lerinin Suriye&#8217;nin kuzeyinde bir\u00e7ok b\u00f6lgeye direk askeri sald\u0131r\u0131da bulunmalar\u0131na \u0131\u015f\u0131k tutan Muallim; uluslar aras\u0131 kanunlarla birlikte Suriye&#8217;nin egemenli\u011fi ve toprak b\u00fct\u00fcnl\u00fc\u011f\u00fcn\u00fc ihlal eden bu d\u00fc\u015fmanc\u0131 sald\u0131r\u0131lar\u0131n Suriye&#8217;yi egemenli\u011fini ve toprak b\u00fct\u00fcnl\u00fc\u011f\u00fcn\u00fc savunma kararl\u0131l\u0131\u011f\u0131ndan cayd\u0131ramayaca\u011f\u0131n\u0131n alt\u0131n\u0131 \u00e7izdi.<\/p>\n<p><span style=\"color: #0000ff\">\u0130dlib \u0130\u00e7in Sa\u011flanan Ge\u00e7ici Anla\u015fmay\u0131 Memnuniyetle Kar\u015f\u0131l\u0131yoruz<\/span><\/p>\n<p>Muallim \u0130dlib konusunda sa\u011flanan anla\u015fman\u0131n Suriye taraf\u0131ndan memnuniyetle kar\u015f\u0131land\u0131\u011f\u0131n\u0131 ifade ederken; Suriye ve Rusya aras\u0131nda daimi koordinasyon neticesinde var\u0131lan bu anla\u015fman\u0131n ge\u00e7ici oldu\u011funun bir kez daha alt\u0131n\u0131 \u00e7izdi.<\/p>\n<p>Muallim Astana s\u00fcreci kapsam\u0131nda sa\u011flanan gerilimi azaltma anla\u015fmalar\u0131 gibi ge\u00e7ici olan bu anla\u015fman\u0131n \u0130dlib\u2019te Nusra Cephesi ve \u00e7at\u0131s\u0131 alt\u0131ndaki di\u011fer ter\u00f6r \u00f6rg\u00fctlerin tasfiyesinde ba\u015far\u0131l\u0131 olmas\u0131 temennilerini ifade etti.<\/p>\n<p><span style=\"color: #0000ff\">Gayr\u0131 Me\u015fru Hi\u00e7bir G\u00fcc\u00fcn Varl\u0131\u011f\u0131 Kabul Edilemez<\/span><\/p>\n<p>Suriye h\u00fck\u00fcmetinin onay ve izni olmaks\u0131z\u0131n Suriye&#8217;nin herhangi bir b\u00f6lgesinde bulunan yabanc\u0131 g\u00fc\u00e7lerin kesinlikle gayr\u0131 me\u015fru olduklar\u0131n\u0131 belirten Muallim, bunun uluslar aras\u0131 kanunlar, kararlar ve BM misak\u0131na a\u00e7\u0131k bir ihlal te\u015fkil etti\u011fini ifade etti.<\/p>\n<p>Muallim Suriye&#8217;nin egemenli\u011fi ve toprak b\u00fct\u00fcnl\u00fc\u011f\u00fcne sald\u0131r\u0131 niteli\u011finde olan bu g\u00fc\u00e7lerin ba\u015fta I\u015e\u0130D ve Nusra Cephesi olmak \u00fczere ter\u00f6re kar\u015f\u0131 sava\u015f\u0131 engellediklerini; t\u00fcm b\u00f6lgenin g\u00fcvenlik ve istikrar\u0131n\u0131 da sabote ettiklerini vurgulad\u0131.<\/p>\n<p>T\u00fcm bunlar\u0131n \u0131\u015f\u0131\u011f\u0131nda Suriye&#8217;nin ABD, Fransa, T\u00fcrkiye ve topraklar\u0131nda bulunan istisnas\u0131z t\u00fcm yabanc\u0131 g\u00fc\u00e7leri i\u015fgalci g\u00fc\u00e7ler olarak g\u00f6rd\u00fc\u011f\u00fcn\u00fc belirten Muallim; dolay\u0131s\u0131yla bu \u015fekilde muamele g\u00f6receklerini kaydetti. Muallim bu g\u00fc\u00e7lerin derhal ve kay\u0131ts\u0131z \u015farts\u0131z bir \u015fekilde Suriye&#8217;den \u00e7ekilmeleri gerekti\u011finin alt\u0131n\u0131 \u00e7izdi.<\/p>\n<p><span style=\"color: #0000ff\">\u0130srail&#8217;in \u0130\u015fgaline Son Verilmelidir<\/span><\/p>\n<p>Muallim \u0130srail&#8217;in Suriye&#8217;nin Golan topraklar\u0131 dahil Arap topraklar\u0131na i\u015fgalini s\u00fcrd\u00fcrd\u00fc\u011f\u00fcne dikkat \u00e7ekerken, uluslar aras\u0131 toplumu uluslar aras\u0131 kanun ve kararlar\u0131n uygulanmas\u0131nda \u00e7ifte standartl\u0131 davranmaya son vermeye davet etti.<\/p>\n<p>ABD ba\u015fta olmak \u00fczere bir k\u0131s\u0131m devletlerin \u0130srail\u2019e sa\u011flad\u0131klar\u0131 \u00f6rt\u00fc ve deste\u011fe dikkat \u00e7eken Muallim; t\u00fcm bunlar\u0131n d\u00fcnya ve halklar\u0131n\u0131n g\u00fcvenli\u011fine b\u00fcy\u00fck bir tehlike te\u015fkil ettiklerini s\u00f6yledi.<\/p>\n<p><span style=\"color: #0000ff\">T\u00fcm D\u00fcnya Bu Ger\u00e7e\u011fi \u0130rdelemelidir<\/span><\/p>\n<p>Muallim t\u00fcm d\u00fcnya ve kamuoyunun Suriye&#8217;nin m\u00fcttefikleri ile birlikte ter\u00f6re kar\u015f\u0131 \u015fanl\u0131 bir zafer sa\u011flayaca\u011f\u0131n\u0131 irdelemeleri bu do\u011frultuda Suriye ile muamelede bulunmalar\u0131 \u00e7a\u011fr\u0131s\u0131nda bulundu.<\/p>\n<p>Bir k\u0131s\u0131m taraflar\u0131n ya\u015fad\u0131klar\u0131 hayallerden uyanmalar\u0131 zaman\u0131n\u0131n geldi\u011fini ifade eden Muallim; durumlara ger\u00e7ek\u00e7i ve mant\u0131kl\u0131 bir vizyonla yakla\u015fmalar\u0131 gerekti\u011fini ifade etti.<\/p>\n<p>Muallim Suriye&#8217;ye kar\u015f\u0131 olan taraflar\u0131n sava\u015fta elde edemediklerini siyaset ya da bask\u0131larla elde edemeyeceklerinin alt\u0131n\u0131 \u00e7izdi. Suriye&#8217;nin en zor ko\u015fullarda bile ulusal ilkelerinden \u00f6d\u00fcn vermedi\u011fine dikkat \u00e7eken Muallim; ter\u00f6r ve destek\u00e7ilerine kar\u015f\u0131 \u015fanl\u0131 zaferlerinden sonra \u00f6d\u00fcn vermesinin s\u00f6z konusu bile olamayaca\u011f\u0131n\u0131 vurgulad\u0131.<\/p>\n<p><iframe loading=\"lazy\" title=\"\u0627\u0644\u0645\u0639\u0644\u0645 \u064a\u0644\u0642\u064a \u0643\u0644\u0645\u0629 \u0633\u0648\u0631\u064a\u0629 \u0623\u0645\u0627\u0645 \u0627\u0644\u062c\u0645\u0639\u064a\u0629 \u0627\u0644\u0639\u0627\u0645\u0629 \u0644\u0644\u0623\u0645\u0645 \u0627\u0644\u0645\u062a\u062d\u062f\u0629\" width=\"618\" height=\"348\" src=\"https:\/\/www.youtube.com\/embed\/6J7od4av_Hs?feature=oembed\" frameborder=\"0\" allow=\"accelerometer; autoplay; clipboard-write; encrypted-media; gyroscope; picture-in-picture; web-share\" referrerpolicy=\"strict-origin-when-cross-origin\" allowfullscreen><\/iframe><\/p>\n","protected":false},"excerpt":{"rendered":"<p>NEW YORK \u2013 New York\u2019ta d\u00fczenlenen Birle\u015fmi\u015f Milletler genel kurulunun 73. D\u00f6nem toplant\u0131lar\u0131nda Suriye heyeti ba\u015fkan\u0131 Ba\u015fbakan Yard\u0131mc\u0131s\u0131 D\u0131\u015fi\u015fleri ve Gurbet\u00e7iler Bakan\u0131 Velid Muallim bug\u00fcn Suriye ad\u0131na bir konu\u015fma yapt\u0131. \u00dc\u00e7 S\u00fcre\u00e7 E\u015f Zamanl\u0131 Olarak B\u00fcy\u00fck Bir \u00d6zenle Devam Ediyor Muallim konu\u015fmas\u0131nda Suriye\u2019nin b\u00fcy\u00fck \u00e7o\u011funlu\u011funun ter\u00f6rden kurtar\u0131l\u0131p g\u00fcvenlik ve istikrar\u0131n peki\u015ftirildi\u011fini vurgularken, ter\u00f6rle m\u00fccadelenin son &hellip;<\/p>\n","protected":false},"author":1,"featured_media":162309,"comment_status":"closed","ping_status":"closed","sticky":false,"template":"","format":"standard","meta":{"footnotes":""},"categories":[458,459,17988],"tags":[19199,26370,16591,22181,37553],"class_list":["post-162292","post","type-post","status-publish","format-standard","has-post-thumbnail","","category-dunya1","category-haberler-arap-uluslararasi-politika","category-son-haberler","tag-disisleri-bakani","tag-new-york","tag-suriye","tag-suriyeliler","tag-velid-muallim-bm-genel-kurulu"],"_links":{"self":[{"href":"https:\/\/archive.sana.sy\/tr\/index.php?rest_route=\/wp\/v2\/posts\/162292","targetHints":{"allow":["GET"]}}],"collection":[{"href":"https:\/\/archive.sana.sy\/tr\/index.php?rest_route=\/wp\/v2\/posts"}],"about":[{"href":"https:\/\/archive.sana.sy\/tr\/index.php?rest_route=\/wp\/v2\/types\/post"}],"author":[{"embeddable":true,"href":"https:\/\/archive.sana.sy\/tr\/index.php?rest_route=\/wp\/v2\/users\/1"}],"replies":[{"embeddable":true,"href":"https:\/\/archive.sana.sy\/tr\/index.php?rest_route=%2Fwp%2Fv2%2Fcomments&post=162292"}],"version-history":[{"count":0,"href":"https:\/\/archive.sana.sy\/tr\/index.php?rest_route=\/wp\/v2\/posts\/162292\/revisions"}],"wp:featuredmedia":[{"embeddable":true,"href":"https:\/\/archive.sana.sy\/tr\/index.php?rest_route=\/wp\/v2\/media\/162309"}],"wp:attachment":[{"href":"https:\/\/archive.sana.sy\/tr\/index.php?rest_route=%2Fwp%2Fv2%2Fmedia&parent=162292"}],"wp:term":[{"taxonomy":"category","embeddable":true,"href":"https:\/\/archive.sana.sy\/tr\/index.php?rest_route=%2Fwp%2Fv2%2Fcategories&post=162292"},{"taxonomy":"post_tag","embeddable":true,"href":"https:\/\/archive.sana.sy\/tr\/index.php?rest_route=%2Fwp%2Fv2%2Ftags&post=162292"}],"curies":[{"name":"wp","href":"https:\/\/api.w.org\/{rel}","templated":true}]}}