{"id":162302,"date":"2018-09-29T20:50:33","date_gmt":"2018-09-29T17:50:33","guid":{"rendered":"https:\/\/www.sana.sy\/tr\/?p=162302"},"modified":"2018-09-30T13:57:10","modified_gmt":"2018-09-30T10:57:10","slug":"bin-alevi-suriye-krizinin-siyasi-cozumunu-vurguladi","status":"publish","type":"post","link":"https:\/\/archive.sana.sy\/tr\/?p=162302","title":{"rendered":"Bin Ulevi Suriye Krizinde Siyasi \u00c7\u00f6z\u00fcm Gere\u011fini Vurgulad\u0131"},"content":{"rendered":"<p>NEW YORK \u2013 Umman Sultanl\u0131\u011f\u0131nda D\u0131\u015fi\u015flerinden Sorumlu Bakan Yusuf Bin Ulevi, Birle\u015fmi\u015f Milletler misak\u0131 ve uluslararas\u0131 kanuna ba\u011fl\u0131l\u0131k yan\u0131 s\u0131ra d\u00fcnyada g\u00fcven ve istikrar\u0131 sa\u011flamak i\u00e7in krizlerin bar\u0131\u015f\u00e7\u0131l yollarla \u00e7\u00f6z\u00fclmesi zorunlulu\u011funu belirtti.<\/p>\n<p>Bin Ulevi bug\u00fcn New York&#8217;ta d\u00fczenlenen BM G\u00fcvenlik Kurulunun 73. D\u00f6nem toplant\u0131lar\u0131nda yapt\u0131\u011f\u0131 konu\u015fmada, Suriye&#8217;deki krizin \u00e7\u00f6z\u00fcm\u00fc i\u00e7in uluslar aras\u0131 toplumun i\u015fbirli\u011fi yapmas\u0131 zorunlulu\u011funu vurgulayarak, Astana ve Cenevre s\u00fcre\u00e7leri ile So\u00e7i&#8217;deki Suriye-Suriye Ulusal Diyalog Konferans\u0131ndan \u00e7\u0131kan sonu\u00e7larla sa\u011flananlar\u0131n \u00fczerine in\u015fa edilmesini gere\u011fini vurgulad\u0131.<\/p>\n<p>Orta Do\u011fu B\u00f6lgesinde merkezi konunun Filistin davas\u0131 oldu\u011funu belirten Bin Ulevi, Uluslararas\u0131 toplumun devletini kurmas\u0131 i\u00e7in Filistin halk\u0131n\u0131n hakk\u0131n\u0131 desteklemesini gerektirdi\u011fini a\u00e7\u0131klayarak, b\u00f6lgede bar\u0131\u015f\u0131n desteklenmesi i\u00e7in \u00fclkesinin m\u00fcmk\u00fcn olan her \u00e7abay\u0131 sarf etmeye haz\u0131r oldu\u011funu dile getirdi.<\/p>\n<p>Yemen&#8217;deki durumlar ile ilgiliyse Bin Ulevi, sava\u015ftan zarar g\u00f6ren Yemenliler i\u00e7in yard\u0131mlar\u0131n ula\u015ft\u0131r\u0131lmas\u0131n\u0131 kolayla\u015ft\u0131rma talebinde bulunarak \u00fclkesinin kara ve deniz ge\u00e7itleri kanal\u0131yla Yemenlilerin ge\u00e7i\u015flerini kolayla\u015ft\u0131rmay\u0131 s\u00fcrd\u00fcrd\u00fc\u011f\u00fcne i\u015faret etti.<\/p>\n<p>S. \u015eahhut.<\/p>\n","protected":false},"excerpt":{"rendered":"<p>NEW YORK \u2013 Umman Sultanl\u0131\u011f\u0131nda D\u0131\u015fi\u015flerinden Sorumlu Bakan Yusuf Bin Ulevi, Birle\u015fmi\u015f Milletler misak\u0131 ve uluslararas\u0131 kanuna ba\u011fl\u0131l\u0131k yan\u0131 s\u0131ra d\u00fcnyada g\u00fcven ve istikrar\u0131 sa\u011flamak i\u00e7in krizlerin bar\u0131\u015f\u00e7\u0131l yollarla \u00e7\u00f6z\u00fclmesi zorunlulu\u011funu belirtti. Bin Ulevi bug\u00fcn New York&#8217;ta d\u00fczenlenen BM G\u00fcvenlik Kurulunun 73. D\u00f6nem toplant\u0131lar\u0131nda yapt\u0131\u011f\u0131 konu\u015fmada, Suriye&#8217;deki krizin \u00e7\u00f6z\u00fcm\u00fc i\u00e7in uluslar aras\u0131 toplumun i\u015fbirli\u011fi yapmas\u0131 &hellip;<\/p>\n","protected":false},"author":1,"featured_media":162303,"comment_status":"closed","ping_status":"closed","sticky":false,"template":"","format":"standard","meta":{"footnotes":""},"categories":[458,459,17988],"tags":[37554,16591,18574,22181],"class_list":["post-162302","post","type-post","status-publish","format-standard","has-post-thumbnail","","category-dunya1","category-haberler-arap-uluslararasi-politika","category-son-haberler","tag-bin-ulevi","tag-suriye","tag-suriye-krizi","tag-suriyeliler"],"_links":{"self":[{"href":"https:\/\/archive.sana.sy\/tr\/index.php?rest_route=\/wp\/v2\/posts\/162302","targetHints":{"allow":["GET"]}}],"collection":[{"href":"https:\/\/archive.sana.sy\/tr\/index.php?rest_route=\/wp\/v2\/posts"}],"about":[{"href":"https:\/\/archive.sana.sy\/tr\/index.php?rest_route=\/wp\/v2\/types\/post"}],"author":[{"embeddable":true,"href":"https:\/\/archive.sana.sy\/tr\/index.php?rest_route=\/wp\/v2\/users\/1"}],"replies":[{"embeddable":true,"href":"https:\/\/archive.sana.sy\/tr\/index.php?rest_route=%2Fwp%2Fv2%2Fcomments&post=162302"}],"version-history":[{"count":0,"href":"https:\/\/archive.sana.sy\/tr\/index.php?rest_route=\/wp\/v2\/posts\/162302\/revisions"}],"wp:featuredmedia":[{"embeddable":true,"href":"https:\/\/archive.sana.sy\/tr\/index.php?rest_route=\/wp\/v2\/media\/162303"}],"wp:attachment":[{"href":"https:\/\/archive.sana.sy\/tr\/index.php?rest_route=%2Fwp%2Fv2%2Fmedia&parent=162302"}],"wp:term":[{"taxonomy":"category","embeddable":true,"href":"https:\/\/archive.sana.sy\/tr\/index.php?rest_route=%2Fwp%2Fv2%2Fcategories&post=162302"},{"taxonomy":"post_tag","embeddable":true,"href":"https:\/\/archive.sana.sy\/tr\/index.php?rest_route=%2Fwp%2Fv2%2Ftags&post=162302"}],"curies":[{"name":"wp","href":"https:\/\/api.w.org\/{rel}","templated":true}]}}