{"id":162533,"date":"2018-10-02T21:31:34","date_gmt":"2018-10-02T18:31:34","guid":{"rendered":"https:\/\/www.sana.sy\/tr\/?p=162533"},"modified":"2018-10-03T13:31:26","modified_gmt":"2018-10-03T10:31:26","slug":"ala-insani-krizlerin-ardindaki-temel-etkenler-isgal-terorizm-ve-tek-yanli-ekonomik-icraatlardir","status":"publish","type":"post","link":"https:\/\/archive.sana.sy\/tr\/?p=162533","title":{"rendered":"Ala: \u0130nsani Krizlerin Ard\u0131ndaki Temel Etkenler \u0130\u015fgal, Ter\u00f6rizm ve Tek Yanl\u0131 Ekonomik \u0130craatlard\u0131r"},"content":{"rendered":"<p style=\"text-align: justify\">CENEVRE \u2013 Suriye&#8217;nin Cenevre&#8217;deki BM ve di\u011fer Uluslararas\u0131 \u00d6rg\u00fctlerin Daimi Temsilcisi B\u00fcy\u00fckel\u00e7i H\u00fcsameddin Ala, \u00fclkeleri istikrars\u0131zla\u015ft\u0131rmak, h\u00fck\u00fcmetlerini zay\u0131flatmak ve d\u00fc\u015f\u00fcrme giri\u015fimlerinin bir\u00e7ok insani krizi tetikleyen ve baz\u0131 \u00fclkelerin tan\u0131k oldu\u011fu zorunlu g\u00f6\u00e7 hareketinin temel ve ortak sebeplerinden biri oldu\u011funu belirtti.<\/p>\n<p style=\"text-align: justify\">Birle\u015fmi\u015f Milletler M\u00fclteciler Y\u00fcksek Komiserli\u011fi Ofisi Y\u00fcr\u00fctme Komitesi&#8217;nin altm\u0131\u015f dokuzuncu oturumunda okudu\u011fu ve SANA&#8217;n\u0131n bir n\u00fcshas\u0131n\u0131 ald\u0131\u011f\u0131 beyanda B\u00fcy\u00fckel\u00e7i Ala, Y\u00fcksek Komiser&#8217;in mevcut bask\u0131lar konusundaki kayg\u0131lar\u0131n\u0131 payla\u015ft\u0131\u011f\u0131 zamanda, baz\u0131lar\u0131n\u0131n vaat edilen finansal kaynaklar\u0131n sa\u011flanmas\u0131ndan ka\u00e7\u0131nd\u0131klar\u0131n\u0131, onlar\u0131 insani eylem ilkelerine ayk\u0131r\u0131 olan politik ko\u015fullarla ili\u015fkilendirdiklerini, di\u011fer baz\u0131lar\u0131n\u0131 ise y\u00fck payla\u015f\u0131m\u0131 taahh\u00fctlerini yerine getiremedikleri bu s\u00fcre\u00e7te, bizlerin BM&#8217;e ba\u011fl\u0131 insani ajanslar\u0131n \u00e7al\u0131\u015fmalar\u0131 dahilindeki kriter ve ilekelere ba\u011fl\u0131 kald\u0131\u011f\u0131m\u0131z\u0131 bildirir bunun bu bask\u0131lara kar\u015f\u0131 en iyi tepki oldu\u011funu d\u00fc\u015f\u00fcnd\u00fcklerini dile getirdi.<\/p>\n<p style=\"text-align: justify\">Ala, b\u00f6lgemizde yabanc\u0131 i\u015fgal, ter\u00f6rizm, tek tarafl\u0131 icraatlar\u0131n b\u00f6lgenin tan\u0131k oldu\u011fu insani krizlere yol a\u00e7an temel etkenler oldu\u011funu, \u0130srail i\u015fgalinin, 70 y\u0131l boyunca Suriye topraklar\u0131nda ya\u015fayan yar\u0131m milyondan fazla Filistinli m\u00fclteci ve 1967&#8217;den bu yana i\u015fgal alt\u0131ndaki Suriye Golan&#8217;\u0131ndan yar\u0131m milyondan fazla vatanda\u015f\u0131n zoraki g\u00f6\u00e7leri dahil olmak \u00fczere milyonlarca Filistinli m\u00fcltecinin zorla yerlerinden edilmesi trajedisinin ana nedeni olmaya devam etti\u011fini vurgulad\u0131.<\/p>\n<p style=\"text-align: justify\">Ala Suriye Arap Cumhuriyeti&#8217;nde de, d\u0131\u015f destekli ter\u00f6rizm ve Suriye devletiyle sava\u015fmak i\u00e7in edat olarak kullan\u0131lmas\u0131 ve Suriye halk\u0131na baz\u0131 \u00fclkelerin dayatt\u0131\u011f\u0131 tek tarafl\u0131 bask\u0131lar\u0131n, Suriyelilerin Suriye dahilinde ve haricinde zoraki g\u00f6\u00e7e mecbur eden temel fakt\u00f6rler oldu\u011funa dikkat \u00e7ekti.<\/p>\n<p style=\"text-align: justify\">B\u00fcy\u00fckel\u00e7i Ala, Suriye&#8217;nin tehcir edilenlerin b\u00f6lgelerine d\u00f6nmeleri i\u00e7in gerekli ko\u015fullar\u0131n sa\u011flanmas\u0131, yeniden restore edilmesi ve hizmetlerin sa\u011flanmas\u0131 i\u00e7in tek tarafl\u0131 zoraki tedbirlerin iptal edilmesinin alt\u0131n\u0131 \u00e7izerek, bu tek tarafl\u0131 yapt\u0131r\u0131mlar\u0131n insanlar\u0131n hayatlar\u0131n\u0131 olumsuz y\u00f6nde etkilendi\u011finin g\u00f6r\u00fclmemesini esefle kar\u015f\u0131lad\u0131\u011f\u0131n\u0131 dile getirdi.<\/p>\n<p style=\"text-align: justify\">Ala; &#8221; Bu ba\u011flamda, Y\u00fcksek Komiser&#8217;in dikkatini tek tarafl\u0131 zorlay\u0131c\u0131 \u00f6nlemler ve insan haklar\u0131ndan yararlanma \u00fczerindeki etkileriyle ilgili \u00d6zel Raport\u00f6r\u00fcn ge\u00e7en haftasonu sonu\u00e7lanan \u0130nsan Haklar\u0131 Konseyi&#8217;nin 39. oturumunda Suriye Arap Cumhuriyeti&#8217;ne yapt\u0131\u011f\u0131 ziyaret ve bu raporda bu tedbirler ile Suriyelilerin \u00fclkelerinden g\u00f6\u00e7 etmesi aras\u0131ndaki ba\u011flant\u0131y\u0131 sundu\u011fu raporuna \u00e7ekmek istiyorum&#8221; dedi.<\/p>\n<p style=\"text-align: justify\">B\u00fcy\u00fckel\u00e7i Ala; Suriye silahl\u0131 kuvvetlerinin ter\u00f6rizmin ortadan kald\u0131r\u0131lmas\u0131ndaki ba\u015far\u0131lar\u0131, kanlar\u0131n akmas\u0131 ve y\u0131k\u0131m\u0131n \u00a0\u00f6nlenmesinde yerel uzla\u015fman\u0131n ba\u015far\u0131s\u0131n\u0131n Suriye&#8217;nin bir\u00e7ok b\u00f6lgesindeki somut durumlar\u0131 daha g\u00fcvenli ve istikrarl\u0131 hale getirdi\u011fini, sakinlerinin de ter\u00f6r sebebiyle terk ettikleri evlerine d\u00f6nmesini sa\u011flad\u0131\u011f\u0131n\u0131 vurgulad\u0131.<\/p>\n<p style=\"text-align: justify\">Ala, H\u00fck\u00fcmetin ter\u00f6rden kurtard\u0131\u011f\u0131 ve hayat\u0131n normale d\u00f6nme alanlar\u0131n\u0131 rehabilite atme \u00e7al\u0131\u015fmalar\u0131 paralelinde, tehcir edilen Suriyelilerin vatanlar\u0131na g\u00f6n\u00fcll\u00fc d\u00f6n\u00fc\u015f\u00fc i\u00e7in zeminin olgunla\u015ft\u0131\u011f\u0131n\u0131, Suriye H\u00fck\u00fcmeti&#8217;nin de sava\u015f ve ter\u00f6r sald\u0131r\u0131lar\u0131 sebebiyle \u00fclkeden tehcir olan vatanda\u015flar\u0131n\u0131 \u00fclkeye geri d\u00f6nmeye \u00e7a\u011f\u0131rd\u0131\u011f\u0131na, bu i\u015flemleri kolayla\u015ft\u0131rmak i\u00e7in de H\u00fck\u00fcmet taraf\u0131ndan bir koordimnasyon heetinin kuruldu\u011funa dikkat \u00e7ekti.<\/p>\n<p style=\"text-align: justify\">B\u00fcy\u00fckel\u00e7i Ala Ba\u015fbakan Yard\u0131mc\u0131s\u0131 D\u0131\u015fi\u015fleri ve Gurbet\u00e7iler Bakan\u0131 Velid Muallim ge\u00e7en Cumartesi g\u00fcn\u00fc BMGK \u00f6n\u00fcnde yapt\u0131\u011f\u0131 konu\u015fmas\u0131nda, Suriyeli vatanda\u015flar\u0131n geri d\u00f6n\u00fc\u015flerinin Suriye Devletinin \u00f6ncelikleri aras\u0131nda oldu\u011funu ve b\u00fct\u00fcn kap\u0131lar\u0131n yurt d\u0131\u015f\u0131ndaki Suriyelilerin g\u00fcvenli ve g\u00f6n\u00fcll\u00fc bir \u015fekilde geri d\u00f6n\u00fc\u015fleri \u00f6n\u00fcnde a\u00e7\u0131k oldu\u011funu belirtti\u011fine i\u015faret etti.<\/p>\n<p style=\"text-align: justify\">B\u00fcy\u00fckel\u00e7i Ala, bu \u00e7a\u011fr\u0131 sayesinde ger\u00e7ekten en sonuncusu d\u00fcn ger\u00e7ekle\u015fen ve 3 b\u00f6l\u00fcmden olu\u015fan d\u00f6n\u00fc\u015fler olmak \u00fczere binlerce Suriyelinin L\u00fcbnan&#8217;dan yurda giri\u015f yapt\u0131klar\u0131n\u0131, Homs, Hama, Halep ve \u015eam K\u0131rsal\u0131 illerinde ter\u00f6rden kurtar\u0131lm\u0131\u015f Belde ve K\u00f6ylerine ta\u015f\u0131nd\u0131klar\u0131n\u0131 s\u00f6yledi.<\/p>\n<p style=\"text-align: justify\">B\u00fcy\u00fckel\u00e7i Ala, Suriye H\u00fck\u00fcmeti&#8217;nin ilgili BM Ajanslar\u0131yla diyalog kap\u0131s\u0131n\u0131n a\u00e7\u0131lmas\u0131na s\u0131cak bakt\u0131\u011f\u0131n\u0131 s\u00f6yledi.<\/p>\n<p style=\"text-align: justify\">Ala beyan\u0131 sonunda, Komisyonun, ge\u00e7en A\u011fustos ay\u0131nda Suriye&#8217;ye yapt\u0131\u011f\u0131 son ziyarette M\u00fclteciler Y\u00fcksek Komiserli\u011fi Filippo Grandi&#8217;nin deneyimlerini yans\u0131tan, ter\u00f6rizmden kurtulan alanlara g\u00fcvenlik ve istikrar\u0131n geri d\u00f6n\u00fc\u015f\u00fcyle ilgili ger\u00e7ekleri temel alan olumlu giri\u015fimler ba\u015flatmas\u0131n\u0131 ve bu b\u00f6lgelerdeki normal ya\u015fam\u0131 yeniden tesis etme \u00e7abalar\u0131n\u0131n tan\u0131m\u0131na aktif olarak katk\u0131da bulunmalar\u0131n\u0131 sab\u0131rs\u0131zl\u0131kla beklediklerini ifade etti.<\/p>\n<p>S. \u015eahhut.<\/p>\n","protected":false},"excerpt":{"rendered":"<p>CENEVRE \u2013 Suriye&#8217;nin Cenevre&#8217;deki BM ve di\u011fer Uluslararas\u0131 \u00d6rg\u00fctlerin Daimi Temsilcisi B\u00fcy\u00fckel\u00e7i H\u00fcsameddin Ala, \u00fclkeleri istikrars\u0131zla\u015ft\u0131rmak, h\u00fck\u00fcmetlerini zay\u0131flatmak ve d\u00fc\u015f\u00fcrme giri\u015fimlerinin bir\u00e7ok insani krizi tetikleyen ve baz\u0131 \u00fclkelerin tan\u0131k oldu\u011fu zorunlu g\u00f6\u00e7 hareketinin temel ve ortak sebeplerinden biri oldu\u011funu belirtti. Birle\u015fmi\u015f Milletler M\u00fclteciler Y\u00fcksek Komiserli\u011fi Ofisi Y\u00fcr\u00fctme Komitesi&#8217;nin altm\u0131\u015f dokuzuncu oturumunda okudu\u011fu ve SANA&#8217;n\u0131n bir &hellip;<\/p>\n","protected":false},"author":1,"featured_media":162534,"comment_status":"closed","ping_status":"closed","sticky":false,"template":"","format":"standard","meta":{"footnotes":""},"categories":[458,459,17988],"tags":[23428,16591,35788,22181],"class_list":["post-162533","post","type-post","status-publish","format-standard","has-post-thumbnail","","category-dunya1","category-haberler-arap-uluslararasi-politika","category-son-haberler","tag-bm-daimi-temsilcisi","tag-suriye","tag-suriye-temsilcisi","tag-suriyeliler"],"_links":{"self":[{"href":"https:\/\/archive.sana.sy\/tr\/index.php?rest_route=\/wp\/v2\/posts\/162533","targetHints":{"allow":["GET"]}}],"collection":[{"href":"https:\/\/archive.sana.sy\/tr\/index.php?rest_route=\/wp\/v2\/posts"}],"about":[{"href":"https:\/\/archive.sana.sy\/tr\/index.php?rest_route=\/wp\/v2\/types\/post"}],"author":[{"embeddable":true,"href":"https:\/\/archive.sana.sy\/tr\/index.php?rest_route=\/wp\/v2\/users\/1"}],"replies":[{"embeddable":true,"href":"https:\/\/archive.sana.sy\/tr\/index.php?rest_route=%2Fwp%2Fv2%2Fcomments&post=162533"}],"version-history":[{"count":0,"href":"https:\/\/archive.sana.sy\/tr\/index.php?rest_route=\/wp\/v2\/posts\/162533\/revisions"}],"wp:featuredmedia":[{"embeddable":true,"href":"https:\/\/archive.sana.sy\/tr\/index.php?rest_route=\/wp\/v2\/media\/162534"}],"wp:attachment":[{"href":"https:\/\/archive.sana.sy\/tr\/index.php?rest_route=%2Fwp%2Fv2%2Fmedia&parent=162533"}],"wp:term":[{"taxonomy":"category","embeddable":true,"href":"https:\/\/archive.sana.sy\/tr\/index.php?rest_route=%2Fwp%2Fv2%2Fcategories&post=162533"},{"taxonomy":"post_tag","embeddable":true,"href":"https:\/\/archive.sana.sy\/tr\/index.php?rest_route=%2Fwp%2Fv2%2Ftags&post=162533"}],"curies":[{"name":"wp","href":"https:\/\/api.w.org\/{rel}","templated":true}]}}