{"id":162536,"date":"2018-10-02T21:55:59","date_gmt":"2018-10-02T18:55:59","guid":{"rendered":"https:\/\/www.sana.sy\/tr\/?p=162536"},"modified":"2018-10-03T16:24:50","modified_gmt":"2018-10-03T13:24:50","slug":"cumhurbaskani-el-esad-yerel-idare-secimlerini-kazananlarin-isimlerini-iceren-iki-kararname-cikardi","status":"publish","type":"post","link":"https:\/\/archive.sana.sy\/tr\/?p=162536","title":{"rendered":"Cumhurba\u015fkan\u0131 el Esad, Yerel \u0130dare Se\u00e7imlerini Kazananlar\u0131n \u0130simlerini \u0130\u00e7eren \u0130ki Kararname \u00c7\u0131kard\u0131"},"content":{"rendered":"<p>\u015eAM \u2013 Cumhurba\u015fkan\u0131 Be\u015f\u015far el Esad, 16-09-2018 tarihinde ger\u00e7ekle\u015fen Yerel \u0130dare Se\u00e7imlerinin sonu\u00e7lar\u0131na ili\u015fkin 304 nolu kararnameyi onaylad\u0131.<\/p>\n<p>El Esad ayn\u0131 zamanda genel se\u00e7imler kanununa g\u00f6re yap\u0131lan se\u00e7imleri kazanan ve se\u00e7im komitesinin onaylad\u0131\u011f\u0131 yerel idare meclisleri \u00fcyelerinin adlar\u0131n\u0131 i\u00e7eren 305 nolu kararnameyi onaylad\u0131.<\/p>\n","protected":false},"excerpt":{"rendered":"<p>\u015eAM \u2013 Cumhurba\u015fkan\u0131 Be\u015f\u015far el Esad, 16-09-2018 tarihinde ger\u00e7ekle\u015fen Yerel \u0130dare Se\u00e7imlerinin sonu\u00e7lar\u0131na ili\u015fkin 304 nolu kararnameyi onaylad\u0131. El Esad ayn\u0131 zamanda genel se\u00e7imler kanununa g\u00f6re yap\u0131lan se\u00e7imleri kazanan ve se\u00e7im komitesinin onaylad\u0131\u011f\u0131 yerel idare meclisleri \u00fcyelerinin adlar\u0131n\u0131 i\u00e7eren 305 nolu kararnameyi onaylad\u0131.<\/p>\n","protected":false},"author":1,"featured_media":148639,"comment_status":"closed","ping_status":"closed","sticky":false,"template":"","format":"standard","meta":{"footnotes":""},"categories":[479,605,17988,612,599,478],"tags":[37407,19968,20113,19946,16591,37406,22181,36575],"class_list":["post-162536","post","type-post","status-publish","format-standard","has-post-thumbnail","","category-haberler-yerel","category-sayin-cumhurbaskani","category-son-haberler","category-yasama-kararnameler","category-yasama-ve-kanunlar","category-yerel","tag-belediye-secimleri","tag-bessar-esad","tag-esad","tag-kararname","tag-suriye","tag-suriye-secimleri","tag-suriyeliler","tag-yerel-idare-secimleri"],"_links":{"self":[{"href":"https:\/\/archive.sana.sy\/tr\/index.php?rest_route=\/wp\/v2\/posts\/162536","targetHints":{"allow":["GET"]}}],"collection":[{"href":"https:\/\/archive.sana.sy\/tr\/index.php?rest_route=\/wp\/v2\/posts"}],"about":[{"href":"https:\/\/archive.sana.sy\/tr\/index.php?rest_route=\/wp\/v2\/types\/post"}],"author":[{"embeddable":true,"href":"https:\/\/archive.sana.sy\/tr\/index.php?rest_route=\/wp\/v2\/users\/1"}],"replies":[{"embeddable":true,"href":"https:\/\/archive.sana.sy\/tr\/index.php?rest_route=%2Fwp%2Fv2%2Fcomments&post=162536"}],"version-history":[{"count":0,"href":"https:\/\/archive.sana.sy\/tr\/index.php?rest_route=\/wp\/v2\/posts\/162536\/revisions"}],"wp:featuredmedia":[{"embeddable":true,"href":"https:\/\/archive.sana.sy\/tr\/index.php?rest_route=\/wp\/v2\/media\/148639"}],"wp:attachment":[{"href":"https:\/\/archive.sana.sy\/tr\/index.php?rest_route=%2Fwp%2Fv2%2Fmedia&parent=162536"}],"wp:term":[{"taxonomy":"category","embeddable":true,"href":"https:\/\/archive.sana.sy\/tr\/index.php?rest_route=%2Fwp%2Fv2%2Fcategories&post=162536"},{"taxonomy":"post_tag","embeddable":true,"href":"https:\/\/archive.sana.sy\/tr\/index.php?rest_route=%2Fwp%2Fv2%2Ftags&post=162536"}],"curies":[{"name":"wp","href":"https:\/\/api.w.org\/{rel}","templated":true}]}}