{"id":162539,"date":"2018-10-02T22:33:10","date_gmt":"2018-10-02T19:33:10","guid":{"rendered":"https:\/\/www.sana.sy\/tr\/?p=162539"},"modified":"2018-10-03T13:31:16","modified_gmt":"2018-10-03T10:31:16","slug":"suriyenin-s-300-teslimati-hava-sahasini-koruma-amacli","status":"publish","type":"post","link":"https:\/\/archive.sana.sy\/tr\/?p=162539","title":{"rendered":"Suriye&#8217;nin &#8220;S-300&#8221; Teslimat\u0131 Hava Sahas\u0131n\u0131 Koruma Ama\u00e7l\u0131"},"content":{"rendered":"<p style=\"text-align: justify\">MOSKOVA &#8211; Rus Duma Meclisinde Uluslararas\u0131 \u0130li\u015fkiler Komitesi Birinci Ba\u015fkan Vekili Dmitry Novikov zorluklarla m\u00fccadelede, ekonomik, siyasi, askeri ve di\u011fer alanlarda Suriye-Rusya i\u015fbirli\u011finin \u00f6nemini vurgulad\u0131.<\/p>\n<p style=\"text-align: justify\">SANA muhabiri ile Moskova&#8217;da yapt\u0131\u011f\u0131 r\u00f6portajda Novikov: &#8221; Rusya&#8217;n\u0131n Suriye Arap Cumhuriyetindeki y\u00f6netimin resmi talebi \u00fczerine Suriye&#8217;de ter\u00f6rle m\u00fccadele \u00e7abalar\u0131na kat\u0131l\u0131\u015f\u0131 \u00fczerinden 3 y\u0131l ge\u00e7ti, durumun istikrar\u0131, yerel uzla\u015fma s\u00fcre\u00e7lerini ileriye g\u00f6t\u00fcrmek ve ter\u00f6rist \u00f6rg\u00fctlerin i\u00e7inde yay\u0131ld\u0131\u011f\u0131 geni\u015f topraklar\u0131 kurtarmak i\u00e7in beraber \u00e7ok \u015feyler ba\u015fard\u0131k&#8221; dedi.<\/p>\n<p style=\"text-align: justify\">Novikov; &#8220;Suriye&#8217;deki tesviye s\u00fcrecinin askeri, siyasi ve ekonomik dahil olmak \u00fczere bir\u00e7ok ayak bulunuyor. Suriye topraklar\u0131nda ya\u015fam\u0131n normale d\u00f6nmesi a\u00e7\u0131s\u0131ndan b\u00fcy\u00fck \u00e7abalar harcand\u0131 ve \u00e7al\u0131\u015fmalar yap\u0131ld\u0131&#8221; dedi.<\/p>\n<p style=\"text-align: justify\">Novikov, Rusya&#8217;n\u0131n Suriye ordusuna S-300 hava savunma sistemini teslim etme karar\u0131n\u0131n\u00a0 Suriye hava sahas\u0131n\u0131 gelecekte herhangi m\u00fcdahaleye kar\u015f\u0131 ve Rus askerlerinin herhangi bir sald\u0131r\u0131dan korunmas\u0131n\u0131n ama\u00e7land\u0131\u011f\u0131n\u0131 belirterek, Rus halk\u0131n\u0131n b\u00fcy\u00fck \u00e7o\u011funlu\u011funun bu karar\u0131 onaylad\u0131\u011f\u0131n\u0131 ve destekledi\u011fini \u00e7\u00fcnk\u00fc mant\u0131kl\u0131 oldu\u011funu ve Suriye&#8217;deki tesviye \u00e7\u0131karlar\u0131yla tam olarak ba\u011fda\u015ft\u0131\u011f\u0131n\u0131 vurgulad\u0131.<\/p>\n<p>S. \u015eahhut.<\/p>\n","protected":false},"excerpt":{"rendered":"<p>MOSKOVA &#8211; Rus Duma Meclisinde Uluslararas\u0131 \u0130li\u015fkiler Komitesi Birinci Ba\u015fkan Vekili Dmitry Novikov zorluklarla m\u00fccadelede, ekonomik, siyasi, askeri ve di\u011fer alanlarda Suriye-Rusya i\u015fbirli\u011finin \u00f6nemini vurgulad\u0131. SANA muhabiri ile Moskova&#8217;da yapt\u0131\u011f\u0131 r\u00f6portajda Novikov: &#8221; Rusya&#8217;n\u0131n Suriye Arap Cumhuriyetindeki y\u00f6netimin resmi talebi \u00fczerine Suriye&#8217;de ter\u00f6rle m\u00fccadele \u00e7abalar\u0131na kat\u0131l\u0131\u015f\u0131 \u00fczerinden 3 y\u0131l ge\u00e7ti, durumun istikrar\u0131, yerel uzla\u015fma s\u00fcre\u00e7lerini &hellip;<\/p>\n","protected":false},"author":1,"featured_media":162540,"comment_status":"closed","ping_status":"closed","sticky":false,"template":"","format":"standard","meta":{"footnotes":""},"categories":[458,459,17988],"tags":[36843,16591,4625,22181],"class_list":["post-162539","post","type-post","status-publish","format-standard","has-post-thumbnail","","category-dunya1","category-haberler-arap-uluslararasi-politika","category-son-haberler","tag-s-300-fuzeleri","tag-suriye","tag-suriye-ve-rusya","tag-suriyeliler"],"_links":{"self":[{"href":"https:\/\/archive.sana.sy\/tr\/index.php?rest_route=\/wp\/v2\/posts\/162539","targetHints":{"allow":["GET"]}}],"collection":[{"href":"https:\/\/archive.sana.sy\/tr\/index.php?rest_route=\/wp\/v2\/posts"}],"about":[{"href":"https:\/\/archive.sana.sy\/tr\/index.php?rest_route=\/wp\/v2\/types\/post"}],"author":[{"embeddable":true,"href":"https:\/\/archive.sana.sy\/tr\/index.php?rest_route=\/wp\/v2\/users\/1"}],"replies":[{"embeddable":true,"href":"https:\/\/archive.sana.sy\/tr\/index.php?rest_route=%2Fwp%2Fv2%2Fcomments&post=162539"}],"version-history":[{"count":0,"href":"https:\/\/archive.sana.sy\/tr\/index.php?rest_route=\/wp\/v2\/posts\/162539\/revisions"}],"wp:featuredmedia":[{"embeddable":true,"href":"https:\/\/archive.sana.sy\/tr\/index.php?rest_route=\/wp\/v2\/media\/162540"}],"wp:attachment":[{"href":"https:\/\/archive.sana.sy\/tr\/index.php?rest_route=%2Fwp%2Fv2%2Fmedia&parent=162539"}],"wp:term":[{"taxonomy":"category","embeddable":true,"href":"https:\/\/archive.sana.sy\/tr\/index.php?rest_route=%2Fwp%2Fv2%2Fcategories&post=162539"},{"taxonomy":"post_tag","embeddable":true,"href":"https:\/\/archive.sana.sy\/tr\/index.php?rest_route=%2Fwp%2Fv2%2Ftags&post=162539"}],"curies":[{"name":"wp","href":"https:\/\/api.w.org\/{rel}","templated":true}]}}