{"id":162665,"date":"2018-10-04T16:32:39","date_gmt":"2018-10-04T13:32:39","guid":{"rendered":"https:\/\/www.sana.sy\/tr\/?p=162665"},"modified":"2018-10-05T12:36:16","modified_gmt":"2018-10-05T09:36:16","slug":"eski-carsi-pazarlarin-daha-da-canlanmasi-bekleniyor","status":"publish","type":"post","link":"https:\/\/archive.sana.sy\/tr\/?p=162665","title":{"rendered":"Eski \u00c7ar\u015f\u0131 Pazarlar\u0131n Daha da Canlanmas\u0131 Bekleniyor"},"content":{"rendered":"<p>HOMS \u2013 Homs Kentinin eski \u00e7ar\u015f\u0131 pazarlar\u0131n\u0131n onar\u0131lmas\u0131 ve t\u00fcm hizmet gereksinimlerinin temin edilmesi ard\u0131ndan bu \u00e7ar\u015f\u0131 pazarlar\u0131n daha da canlanmas\u0131 bekleniyor.<\/p>\n<p><a href=\"https:\/\/www.sana.sy\/tr\/wp-content\/uploads\/2018\/10\/2-8.jpg\"><img loading=\"lazy\" decoding=\"async\" class=\"alignright wp-image-162667 size-medium\" src=\"https:\/\/www.sana.sy\/tr\/wp-content\/uploads\/2018\/10\/2-8-300x145.jpg\" alt=\"\" width=\"300\" height=\"145\" srcset=\"https:\/\/archive.sana.sy\/tr\/wp-content\/uploads\/2018\/10\/2-8-300x145.jpg 300w, https:\/\/archive.sana.sy\/tr\/wp-content\/uploads\/2018\/10\/2-8-150x72.jpg 150w, https:\/\/archive.sana.sy\/tr\/wp-content\/uploads\/2018\/10\/2-8.jpg 660w\" sizes=\"auto, (max-width: 300px) 100vw, 300px\" \/><\/a>Eski \u00e7ar\u015f\u0131 pazarlarda i\u015fyeri sahipleri SANA muhabirine a\u00e7\u0131klamalar\u0131nda; \u00e7ar\u015f\u0131 pazarlarda ekonomi ve ticareti canland\u0131rmak i\u00e7in devletin i\u015fyeri sahiplerine \u00f6nemli te\u015fviklerde bulundu\u011funu ifade etti.<\/p>\n<p>\u0130\u015fyerleri sahipleri fakat elektrik ba\u015fta olmak \u00fczere bir k\u0131s\u0131m hizmet \u015febekelerinin hen\u00fcz yetersiz oldu\u011funu ifade ederken, il k\u0131rsal\u0131n\u0131n kuzeyinin ter\u00f6rden ar\u0131nd\u0131r\u0131lmas\u0131yla \u00e7ar\u015f\u0131 pazarlarda daha b\u00fcy\u00fck bir hareketlilik kaydedildi\u011fini s\u00f6yledi.<\/p>\n<p>\u0130\u015fyeri sahipleri bu hareketlili\u011fin peki\u015ftirilmesi i\u00e7in vatanda\u015flar\u0131n ula\u015f\u0131m\u0131n\u0131 kolayla\u015ft\u0131rmakla birlikte \u00e7ar\u015f\u0131 Pazar b\u00f6lgelerinde festivallerin yap\u0131lmas\u0131 \u00f6nemini kaydetti.<\/p>\n","protected":false},"excerpt":{"rendered":"<p>HOMS \u2013 Homs Kentinin eski \u00e7ar\u015f\u0131 pazarlar\u0131n\u0131n onar\u0131lmas\u0131 ve t\u00fcm hizmet gereksinimlerinin temin edilmesi ard\u0131ndan bu \u00e7ar\u015f\u0131 pazarlar\u0131n daha da canlanmas\u0131 bekleniyor. Eski \u00e7ar\u015f\u0131 pazarlarda i\u015fyeri sahipleri SANA muhabirine a\u00e7\u0131klamalar\u0131nda; \u00e7ar\u015f\u0131 pazarlarda ekonomi ve ticareti canland\u0131rmak i\u00e7in devletin i\u015fyeri sahiplerine \u00f6nemli te\u015fviklerde bulundu\u011funu ifade etti. \u0130\u015fyerleri sahipleri fakat elektrik ba\u015fta olmak \u00fczere bir k\u0131s\u0131m hizmet &hellip;<\/p>\n","protected":false},"author":1,"featured_media":162666,"comment_status":"closed","ping_status":"closed","sticky":false,"template":"","format":"standard","meta":{"footnotes":""},"categories":[485,486,17988],"tags":[33292,1293,16591,22181],"class_list":["post-162665","post","type-post","status-publish","format-standard","has-post-thumbnail","","category-is-ve-sermaye","category-haberler-is-ve-sermaye","category-son-haberler","tag-eski-carsi-pazarlar","tag-homs","tag-suriye","tag-suriyeliler"],"_links":{"self":[{"href":"https:\/\/archive.sana.sy\/tr\/index.php?rest_route=\/wp\/v2\/posts\/162665","targetHints":{"allow":["GET"]}}],"collection":[{"href":"https:\/\/archive.sana.sy\/tr\/index.php?rest_route=\/wp\/v2\/posts"}],"about":[{"href":"https:\/\/archive.sana.sy\/tr\/index.php?rest_route=\/wp\/v2\/types\/post"}],"author":[{"embeddable":true,"href":"https:\/\/archive.sana.sy\/tr\/index.php?rest_route=\/wp\/v2\/users\/1"}],"replies":[{"embeddable":true,"href":"https:\/\/archive.sana.sy\/tr\/index.php?rest_route=%2Fwp%2Fv2%2Fcomments&post=162665"}],"version-history":[{"count":0,"href":"https:\/\/archive.sana.sy\/tr\/index.php?rest_route=\/wp\/v2\/posts\/162665\/revisions"}],"wp:featuredmedia":[{"embeddable":true,"href":"https:\/\/archive.sana.sy\/tr\/index.php?rest_route=\/wp\/v2\/media\/162666"}],"wp:attachment":[{"href":"https:\/\/archive.sana.sy\/tr\/index.php?rest_route=%2Fwp%2Fv2%2Fmedia&parent=162665"}],"wp:term":[{"taxonomy":"category","embeddable":true,"href":"https:\/\/archive.sana.sy\/tr\/index.php?rest_route=%2Fwp%2Fv2%2Fcategories&post=162665"},{"taxonomy":"post_tag","embeddable":true,"href":"https:\/\/archive.sana.sy\/tr\/index.php?rest_route=%2Fwp%2Fv2%2Ftags&post=162665"}],"curies":[{"name":"wp","href":"https:\/\/api.w.org\/{rel}","templated":true}]}}