{"id":16276,"date":"2014-11-23T12:00:53","date_gmt":"2014-11-23T10:00:53","guid":{"rendered":"http:\/\/www.sana.sy\/tr\/?p=16276"},"modified":"2014-11-23T12:00:53","modified_gmt":"2014-11-23T10:00:53","slug":"yermuk-semti-ahalisine-400-gida-ve-saglik-sepeti-dagitildi","status":"publish","type":"post","link":"https:\/\/archive.sana.sy\/tr\/?p=16276","title":{"rendered":"Yermuk Semti Ahalisine 400 G\u0131da ve Sa\u011fl\u0131k Sepeti Da\u011f\u0131t\u0131ld\u0131"},"content":{"rendered":"<p>\u015eAM \u2013 Suriye h\u00fck\u00fcmetinin deste\u011fi ve \u0130lkyard\u0131m Y\u00fcksek Komitesinin i\u015fraf\u0131 alt\u0131nda UNRWA ajans\u0131, \u015eam\u2019\u0131n Yermuk Semtinde silahl\u0131 ter\u00f6r \u00f6rg\u00fctleri taraf\u0131ndan abluka alt\u0131ndaki ahaliye insani acil yard\u0131mlar\u0131 da\u011f\u0131tmay\u0131 s\u00fcrd\u00fcrd\u00fc.<\/p>\n<p>Kurum Genel M\u00fcd\u00fcr\u00fc Ali Mustafa SANA\u2019ya a\u00e7\u0131klamas\u0131nda, kurum ile UNRWA\u2019n\u0131n Semtteki Rama Caddesinde d\u00fcn ahaliye ekmek ve suyla birlikte 200 g\u0131da sepetiyle 200 sa\u011fl\u0131k sepeti da\u011f\u0131tt\u0131klar\u0131n\u0131 belirtti.<\/p>\n<p>B\u00f6ylece 30 Ocak\u2019tan bu yana da\u011f\u0131t\u0131lan g\u0131da sepetleri 54774, sa\u011fl\u0131k sepetlerinin de 10684\u2019e ula\u015fm\u0131\u015f oldu.<\/p>\n<p>Mustafa, ilk yard\u0131m ajans\u0131na ba\u011fl\u0131 da\u011f\u0131t\u0131m noktas\u0131nda hastalar\u0131n tedavi edilmesine ve ila\u00e7lar\u0131n da\u011f\u0131t\u0131lmas\u0131na devam edildi\u011fini, tedavi \u00e7al\u0131\u015fmalar\u0131 ve da\u011f\u0131t\u0131m i\u015fleminin 27 kas\u0131m Per\u015fembe g\u00fcn\u00fc s\u00fcrd\u00fcr\u00fclece\u011fini ifade etti.<\/p>\n","protected":false},"excerpt":{"rendered":"<p>\u015eAM \u2013 Suriye h\u00fck\u00fcmetinin deste\u011fi ve \u0130lkyard\u0131m Y\u00fcksek Komitesinin i\u015fraf\u0131 alt\u0131nda UNRWA ajans\u0131, \u015eam\u2019\u0131n Yermuk Semtinde silahl\u0131 ter\u00f6r \u00f6rg\u00fctleri taraf\u0131ndan abluka alt\u0131ndaki ahaliye insani acil yard\u0131mlar\u0131 da\u011f\u0131tmay\u0131 s\u00fcrd\u00fcrd\u00fc. Kurum Genel M\u00fcd\u00fcr\u00fc Ali Mustafa SANA\u2019ya a\u00e7\u0131klamas\u0131nda, kurum ile UNRWA\u2019n\u0131n Semtteki Rama Caddesinde d\u00fcn ahaliye ekmek ve suyla birlikte 200 g\u0131da sepetiyle 200 sa\u011fl\u0131k sepeti da\u011f\u0131tt\u0131klar\u0131n\u0131 belirtti. &hellip;<\/p>\n","protected":false},"author":1,"featured_media":8071,"comment_status":"closed","ping_status":"closed","sticky":false,"template":"","format":"standard","meta":{"footnotes":""},"categories":[479,478],"tags":[6353,6351,6352,6350,6354,6349],"class_list":["post-16276","post","type-post","status-publish","format-standard","has-post-thumbnail","","category-haberler-yerel","category-yerel","tag-ilk-yardim-ajansina-bagli-dagitim-noktasinda-hastalarin-tedavi-edilmesine-ve-ilaclarin-dagitilmasina-devam-edildigini","tag-kurum-ile-unrwanin-semtteki-rama-caddesinde-dun-ahaliye-ekmek-ve-suyla-birlikte-200-gida-sepetiyle-200-saglik-sepeti-dagittiklarini-belirtti-boylece-30-ocaktan-bu-yana-dagitilan-gid","tag-saglik-sepetlerinin-de-10684e-ulasmis-oldu-mustafa","tag-samin-yermuk-semtinde-silahli-teror-orgutleri-tarafindan-abluka-altindaki-ahaliye-insani-acil-yardimlari-dagitmayi-surdurdu-kurum-genel-muduru-ali-mustafa-sanaya-aciklamasinda","tag-tedavi-calismalari-ve-dagitim-isleminin-27-kasim-persembe-gunu-surdurulecegini-ifade-etti","tag-yermuk-semti-ahalisine-400-gida-ve-saglik-sepeti-dagitildi-sam-suriye-hukumetinin-destegi-ve-ilkyardim-yuksek-komitesinin-israfi-altinda-unrwa-ajansi"],"_links":{"self":[{"href":"https:\/\/archive.sana.sy\/tr\/index.php?rest_route=\/wp\/v2\/posts\/16276","targetHints":{"allow":["GET"]}}],"collection":[{"href":"https:\/\/archive.sana.sy\/tr\/index.php?rest_route=\/wp\/v2\/posts"}],"about":[{"href":"https:\/\/archive.sana.sy\/tr\/index.php?rest_route=\/wp\/v2\/types\/post"}],"author":[{"embeddable":true,"href":"https:\/\/archive.sana.sy\/tr\/index.php?rest_route=\/wp\/v2\/users\/1"}],"replies":[{"embeddable":true,"href":"https:\/\/archive.sana.sy\/tr\/index.php?rest_route=%2Fwp%2Fv2%2Fcomments&post=16276"}],"version-history":[{"count":0,"href":"https:\/\/archive.sana.sy\/tr\/index.php?rest_route=\/wp\/v2\/posts\/16276\/revisions"}],"wp:featuredmedia":[{"embeddable":true,"href":"https:\/\/archive.sana.sy\/tr\/index.php?rest_route=\/wp\/v2\/media\/8071"}],"wp:attachment":[{"href":"https:\/\/archive.sana.sy\/tr\/index.php?rest_route=%2Fwp%2Fv2%2Fmedia&parent=16276"}],"wp:term":[{"taxonomy":"category","embeddable":true,"href":"https:\/\/archive.sana.sy\/tr\/index.php?rest_route=%2Fwp%2Fv2%2Fcategories&post=16276"},{"taxonomy":"post_tag","embeddable":true,"href":"https:\/\/archive.sana.sy\/tr\/index.php?rest_route=%2Fwp%2Fv2%2Ftags&post=16276"}],"curies":[{"name":"wp","href":"https:\/\/api.w.org\/{rel}","templated":true}]}}