{"id":162928,"date":"2018-10-07T13:35:12","date_gmt":"2018-10-07T10:35:12","guid":{"rendered":"https:\/\/www.sana.sy\/tr\/?p=162928"},"modified":"2018-10-08T13:35:34","modified_gmt":"2018-10-08T10:35:34","slug":"rusya-ve-italya-disisleri-bakanlari-yarin-suriye-ve-libyadaki-durumlari-ele-aliyor","status":"publish","type":"post","link":"https:\/\/archive.sana.sy\/tr\/?p=162928","title":{"rendered":"Rusya Ve \u0130talya D\u0131\u015fi\u015fleri Bakanlar\u0131 Yar\u0131n Suriye Ve Libya&#8217;daki Durumlar\u0131 Ele Al\u0131yor"},"content":{"rendered":"<p>MOSKOVA &#8211; Rusya D\u0131\u015fi\u015fleri Bakanl\u0131\u011f\u0131 bug\u00fcn, D\u0131\u015fi\u015fleri Bakan\u0131 Sergei Lavrov&#8217;un yar\u0131n \u0130talyan meslekta\u015f\u0131 Enzo Maviro ile yar\u0131n, Suriye ve Libya&#8217;daki durumlarla Ukrayna krizi yan\u0131 s\u0131ra ortak \u00f6nem arz eden konular\u0131 g\u00f6r\u00fc\u015feceklerini ilan etti.<\/p>\n<p>Sptnik haber ajans\u0131n\u0131n Rusya D\u0131\u015fi\u015fleri Bakanl\u0131\u011f\u0131 Bilgi Dairesinden yay\u0131nlanan ve bakanl\u0131\u011f\u0131n web sitesinde yay\u0131nlanan beyanda: D\u0131\u015fi\u015fleri bakanlar\u0131 Lavrov ve Maviro&#8217;nun g\u00f6r\u00fc\u015fmelerinde, uluslararas\u0131 g\u00fcndemde ortak \u00f6nem ta\u015f\u0131yan bir dizi konuyu ele alacaklar\u0131n\u0131 s\u00f6yledi.<\/p>\n<p>Beyanda ayr\u0131ca, Suriye, Libya ve Ukrayna i\u00e7 \u00e7at\u0131\u015fmalar\u0131na \u00f6zel \u00f6nem vermeleri yan\u0131 s\u0131ra, 2018&#8217;de \u0130talyan ba\u015fkanl\u0131\u011f\u0131 dikkate al\u0131narak Avrupa G\u00fcvenlik ve \u0130\u015fbirli\u011fi Te\u015fkilat\u0131 b\u00fcnyesinde uluslararas\u0131 g\u00fcvenlik ve etkile\u015fim alan\u0131nda i\u015fbirli\u011finin ele al\u0131naca\u011f\u0131 dile getirildi.<\/p>\n<p>S. \u015eahhut<\/p>\n","protected":false},"excerpt":{"rendered":"<p>MOSKOVA &#8211; Rusya D\u0131\u015fi\u015fleri Bakanl\u0131\u011f\u0131 bug\u00fcn, D\u0131\u015fi\u015fleri Bakan\u0131 Sergei Lavrov&#8217;un yar\u0131n \u0130talyan meslekta\u015f\u0131 Enzo Maviro ile yar\u0131n, Suriye ve Libya&#8217;daki durumlarla Ukrayna krizi yan\u0131 s\u0131ra ortak \u00f6nem arz eden konular\u0131 g\u00f6r\u00fc\u015feceklerini ilan etti. Sptnik haber ajans\u0131n\u0131n Rusya D\u0131\u015fi\u015fleri Bakanl\u0131\u011f\u0131 Bilgi Dairesinden yay\u0131nlanan ve bakanl\u0131\u011f\u0131n web sitesinde yay\u0131nlanan beyanda: D\u0131\u015fi\u015fleri bakanlar\u0131 Lavrov ve Maviro&#8217;nun g\u00f6r\u00fc\u015fmelerinde, uluslararas\u0131 &hellip;<\/p>\n","protected":false},"author":1,"featured_media":162929,"comment_status":"closed","ping_status":"closed","sticky":false,"template":"","format":"standard","meta":{"footnotes":""},"categories":[458,459,17988],"tags":[],"class_list":["post-162928","post","type-post","status-publish","format-standard","has-post-thumbnail","","category-dunya1","category-haberler-arap-uluslararasi-politika","category-son-haberler"],"_links":{"self":[{"href":"https:\/\/archive.sana.sy\/tr\/index.php?rest_route=\/wp\/v2\/posts\/162928","targetHints":{"allow":["GET"]}}],"collection":[{"href":"https:\/\/archive.sana.sy\/tr\/index.php?rest_route=\/wp\/v2\/posts"}],"about":[{"href":"https:\/\/archive.sana.sy\/tr\/index.php?rest_route=\/wp\/v2\/types\/post"}],"author":[{"embeddable":true,"href":"https:\/\/archive.sana.sy\/tr\/index.php?rest_route=\/wp\/v2\/users\/1"}],"replies":[{"embeddable":true,"href":"https:\/\/archive.sana.sy\/tr\/index.php?rest_route=%2Fwp%2Fv2%2Fcomments&post=162928"}],"version-history":[{"count":0,"href":"https:\/\/archive.sana.sy\/tr\/index.php?rest_route=\/wp\/v2\/posts\/162928\/revisions"}],"wp:featuredmedia":[{"embeddable":true,"href":"https:\/\/archive.sana.sy\/tr\/index.php?rest_route=\/wp\/v2\/media\/162929"}],"wp:attachment":[{"href":"https:\/\/archive.sana.sy\/tr\/index.php?rest_route=%2Fwp%2Fv2%2Fmedia&parent=162928"}],"wp:term":[{"taxonomy":"category","embeddable":true,"href":"https:\/\/archive.sana.sy\/tr\/index.php?rest_route=%2Fwp%2Fv2%2Fcategories&post=162928"},{"taxonomy":"post_tag","embeddable":true,"href":"https:\/\/archive.sana.sy\/tr\/index.php?rest_route=%2Fwp%2Fv2%2Ftags&post=162928"}],"curies":[{"name":"wp","href":"https:\/\/api.w.org\/{rel}","templated":true}]}}