{"id":162974,"date":"2018-10-08T22:00:17","date_gmt":"2018-10-08T19:00:17","guid":{"rendered":"https:\/\/www.sana.sy\/tr\/?p=162974"},"modified":"2018-10-08T16:38:04","modified_gmt":"2018-10-08T13:38:04","slug":"sam-kirsali-yelda-beldesindeki-saglik-merkezi-5-yil-suren-kesintiden-sonra-yeniden-etkinlestirilip-cocuk-felcine-karsi-ulusal-asi-kampanyasina-katliyor","status":"publish","type":"post","link":"https:\/\/archive.sana.sy\/tr\/?p=162974","title":{"rendered":"\u015eam k\u0131rsal\u0131 Yelda Beldesindeki Sa\u011fl\u0131k Merkezi 5 y\u0131l s\u00fcren kesintiden sonra yeniden etkinle\u015ftirilip \u00e7ocuk felcine kar\u015f\u0131 ulusal a\u015f\u0131 kampanyas\u0131na katl\u0131yor"},"content":{"rendered":"<p>\u015eam k\u0131rsal\u0131 Yelda Beldesindeki Sa\u011fl\u0131k Merkezi 5 y\u0131l s\u00fcren kesintiden sonra yeniden etkinle\u015ftirilip \u00e7ocuk felcine kar\u015f\u0131 ulusal a\u015f\u0131 kampanyas\u0131na katl\u0131yor<\/p>\n<p><iframe loading=\"lazy\" title=\"\u0645\u0631\u0643\u0632 \u064a\u0644\u062f\u0627 \u0627\u0644\u0635\u062d\u064a \u064a\u0634\u0627\u0631\u0643 \u0641\u064a \u062d\u0645\u0644\u0629 \u0627\u0644\u062a\u0644\u0642\u064a\u062d \u0627\u0644\u0648\u0637\u0646\u064a\u0629 \u0636\u062f \u0634\u0644\u0644 \u0627\u0644\u0623\u0637\u0641\u0627\u0644\" width=\"618\" height=\"348\" src=\"https:\/\/www.youtube.com\/embed\/BGwlcp4SD14?feature=oembed\" frameborder=\"0\" allow=\"accelerometer; autoplay; clipboard-write; encrypted-media; gyroscope; picture-in-picture; web-share\" referrerpolicy=\"strict-origin-when-cross-origin\" allowfullscreen><\/iframe><\/p>\n","protected":false},"excerpt":{"rendered":"<p>\u015eam k\u0131rsal\u0131 Yelda Beldesindeki Sa\u011fl\u0131k Merkezi 5 y\u0131l s\u00fcren kesintiden sonra yeniden etkinle\u015ftirilip \u00e7ocuk felcine kar\u015f\u0131 ulusal a\u015f\u0131 kampanyas\u0131na katl\u0131yor<\/p>\n","protected":false},"author":1,"featured_media":162978,"comment_status":"closed","ping_status":"closed","sticky":false,"template":"","format":"standard","meta":{"footnotes":""},"categories":[18295],"tags":[],"class_list":["post-162974","post","type-post","status-publish","format-standard","has-post-thumbnail","","category-sana-video"],"_links":{"self":[{"href":"https:\/\/archive.sana.sy\/tr\/index.php?rest_route=\/wp\/v2\/posts\/162974","targetHints":{"allow":["GET"]}}],"collection":[{"href":"https:\/\/archive.sana.sy\/tr\/index.php?rest_route=\/wp\/v2\/posts"}],"about":[{"href":"https:\/\/archive.sana.sy\/tr\/index.php?rest_route=\/wp\/v2\/types\/post"}],"author":[{"embeddable":true,"href":"https:\/\/archive.sana.sy\/tr\/index.php?rest_route=\/wp\/v2\/users\/1"}],"replies":[{"embeddable":true,"href":"https:\/\/archive.sana.sy\/tr\/index.php?rest_route=%2Fwp%2Fv2%2Fcomments&post=162974"}],"version-history":[{"count":0,"href":"https:\/\/archive.sana.sy\/tr\/index.php?rest_route=\/wp\/v2\/posts\/162974\/revisions"}],"wp:featuredmedia":[{"embeddable":true,"href":"https:\/\/archive.sana.sy\/tr\/index.php?rest_route=\/wp\/v2\/media\/162978"}],"wp:attachment":[{"href":"https:\/\/archive.sana.sy\/tr\/index.php?rest_route=%2Fwp%2Fv2%2Fmedia&parent=162974"}],"wp:term":[{"taxonomy":"category","embeddable":true,"href":"https:\/\/archive.sana.sy\/tr\/index.php?rest_route=%2Fwp%2Fv2%2Fcategories&post=162974"},{"taxonomy":"post_tag","embeddable":true,"href":"https:\/\/archive.sana.sy\/tr\/index.php?rest_route=%2Fwp%2Fv2%2Ftags&post=162974"}],"curies":[{"name":"wp","href":"https:\/\/api.w.org\/{rel}","templated":true}]}}