{"id":163004,"date":"2018-10-08T21:30:39","date_gmt":"2018-10-08T18:30:39","guid":{"rendered":"https:\/\/www.sana.sy\/tr\/?p=163004"},"modified":"2018-10-09T13:44:09","modified_gmt":"2018-10-09T10:44:09","slug":"yong-nam-parlamento-iliskileri-sabit-ilkelere-dayalidir","status":"publish","type":"post","link":"https:\/\/archive.sana.sy\/tr\/?p=163004","title":{"rendered":"Yong Nam: Parlamento \u0130li\u015fkileri Sabit \u0130lkelere Dayal\u0131d\u0131r"},"content":{"rendered":"<p style=\"text-align: justify\">PYONG YANG \u2013 Halk Meclisi Ba\u015fkan Yard\u0131mc\u0131s\u0131 Necdet Anzur ba\u015fkanl\u0131\u011f\u0131ndaki Halk Meclisi heyeti Demokratik Kore Cumhuriyeti Y\u00fcksek Halk Konseyi Ba\u015fkan\u0131 Kim Yong Nam ile Pyong Yang&#8217;ta Y\u00fcksek Halk Konseyi binas\u0131nda, her iki taraf aras\u0131ndaki parlamento ili\u015fkilerinin peki\u015ftirilmesi yollar\u0131n\u0131 g\u00f6r\u00fc\u015ft\u00fc.<\/p>\n<p style=\"text-align: justify\">Yong Nam, her iki dost \u00fclke parlamenterleri aras\u0131nda, sabit ilkelere dayal\u0131 yak\u0131n ili\u015fkileri belirterek, \u00fclkesinin say\u0131n Cumhurba\u015fkan\u0131 Be\u015f\u015far Esad liderli\u011finde halk ve ordu olarak Suriyelilerin ter\u00f6re y\u00f6nelik zaferlerden b\u00fcy\u00fck onur duydu\u011funu kaydetti.<\/p>\n<p style=\"text-align: justify\">Yong Nam, Suriye&#8217;nin Amerika Birle\u015fik Devletleri taraf\u0131ndan Suriye halk\u0131na kar\u015f\u0131 \u00f6r\u00fcd\u00fc\u011f\u00fc komployu bitirdikten sonra pek yak\u0131nda nihai zafere eri\u015fece\u011fini vurgulad\u0131.<\/p>\n<p style=\"text-align: justify\">G\u00f6r\u00fc\u015fmede Anzur, Suriye ile Demokratik Kore aras\u0131nda Te\u015frin Kurtulu\u015f sava\u015f\u0131ndan ter\u00f6re kar\u015f\u0131 sava\u015fa var\u0131ncaya kadar birbirlerini ba\u011flayan ili\u015fkilerden bahsederek, s\u00f6z konusu ili\u015fkilerin bug\u00fcn muhtelif d\u00fczeylerde daha fazla geli\u015fmeye tan\u0131k oldu\u011funu belirtti.<\/p>\n<p>S. \u015eahhut.<\/p>\n","protected":false},"excerpt":{"rendered":"<p>PYONG YANG \u2013 Halk Meclisi Ba\u015fkan Yard\u0131mc\u0131s\u0131 Necdet Anzur ba\u015fkanl\u0131\u011f\u0131ndaki Halk Meclisi heyeti Demokratik Kore Cumhuriyeti Y\u00fcksek Halk Konseyi Ba\u015fkan\u0131 Kim Yong Nam ile Pyong Yang&#8217;ta Y\u00fcksek Halk Konseyi binas\u0131nda, her iki taraf aras\u0131ndaki parlamento ili\u015fkilerinin peki\u015ftirilmesi yollar\u0131n\u0131 g\u00f6r\u00fc\u015ft\u00fc. Yong Nam, her iki dost \u00fclke parlamenterleri aras\u0131nda, sabit ilkelere dayal\u0131 yak\u0131n ili\u015fkileri belirterek, \u00fclkesinin say\u0131n &hellip;<\/p>\n","protected":false},"author":1,"featured_media":163005,"comment_status":"closed","ping_status":"closed","sticky":false,"template":"","format":"standard","meta":{"footnotes":""},"categories":[458,459,17988],"tags":[16838,25612,24013,22181],"class_list":["post-163004","post","type-post","status-publish","format-standard","has-post-thumbnail","","category-dunya1","category-haberler-arap-uluslararasi-politika","category-son-haberler","tag-halk-meclisi","tag-milletvekilleri","tag-suriye-parlamentosu","tag-suriyeliler"],"_links":{"self":[{"href":"https:\/\/archive.sana.sy\/tr\/index.php?rest_route=\/wp\/v2\/posts\/163004","targetHints":{"allow":["GET"]}}],"collection":[{"href":"https:\/\/archive.sana.sy\/tr\/index.php?rest_route=\/wp\/v2\/posts"}],"about":[{"href":"https:\/\/archive.sana.sy\/tr\/index.php?rest_route=\/wp\/v2\/types\/post"}],"author":[{"embeddable":true,"href":"https:\/\/archive.sana.sy\/tr\/index.php?rest_route=\/wp\/v2\/users\/1"}],"replies":[{"embeddable":true,"href":"https:\/\/archive.sana.sy\/tr\/index.php?rest_route=%2Fwp%2Fv2%2Fcomments&post=163004"}],"version-history":[{"count":0,"href":"https:\/\/archive.sana.sy\/tr\/index.php?rest_route=\/wp\/v2\/posts\/163004\/revisions"}],"wp:featuredmedia":[{"embeddable":true,"href":"https:\/\/archive.sana.sy\/tr\/index.php?rest_route=\/wp\/v2\/media\/163005"}],"wp:attachment":[{"href":"https:\/\/archive.sana.sy\/tr\/index.php?rest_route=%2Fwp%2Fv2%2Fmedia&parent=163004"}],"wp:term":[{"taxonomy":"category","embeddable":true,"href":"https:\/\/archive.sana.sy\/tr\/index.php?rest_route=%2Fwp%2Fv2%2Fcategories&post=163004"},{"taxonomy":"post_tag","embeddable":true,"href":"https:\/\/archive.sana.sy\/tr\/index.php?rest_route=%2Fwp%2Fv2%2Ftags&post=163004"}],"curies":[{"name":"wp","href":"https:\/\/api.w.org\/{rel}","templated":true}]}}