{"id":163021,"date":"2018-10-09T12:31:26","date_gmt":"2018-10-09T09:31:26","guid":{"rendered":"https:\/\/www.sana.sy\/tr\/?p=163021"},"modified":"2018-10-10T16:21:03","modified_gmt":"2018-10-10T13:21:03","slug":"yurtici-ve-yurtdisi-firarlar-icin-af-cikti","status":"publish","type":"post","link":"https:\/\/archive.sana.sy\/tr\/?p=163021","title":{"rendered":"Yurti\u00e7i ve Yurtd\u0131\u015f\u0131 Firarlar \u0130\u00e7in Af \u00c7\u0131kt\u0131"},"content":{"rendered":"<p>\u015eAM \u2013 Cumhurba\u015fkan\u0131 Be\u015f\u015far el Esad bug\u00fcn; askeri kanunlara g\u00f6re 09-10-2018 tarihinden \u00f6nce yurti\u00e7i ve yurtd\u0131\u015f\u0131 firar su\u00e7unda bulunanlara genel af \u00f6n g\u00f6ren 2018\/18 say\u0131l\u0131 yasama karar\u0131n\u0131 onaylad\u0131.<\/p>\n<p>Yasama karar\u0131nda genel aftan faydalan\u0131lmas\u0131 i\u00e7in yurti\u00e7i firarilerin 4 ay, yurtd\u0131\u015f\u0131 firarilerin ise 6 ay s\u00fcre i\u00e7inde teslim olmalar\u0131 \u00f6ng\u00f6r\u00fcl\u00fcyor.<\/p>\n<p>Yasama karar\u0131nda ayr\u0131ca askerlik hizmetinin 2007\/30 say\u0131l\u0131 kanunu ve d\u00fczenlemelerine ili\u015fkin su\u00e7lar i\u015fleyenlerin aftan faydalanmalar\u0131 \u00f6ng\u00f6r\u00fcl\u00fcyor.<\/p>\n","protected":false},"excerpt":{"rendered":"<p>\u015eAM \u2013 Cumhurba\u015fkan\u0131 Be\u015f\u015far el Esad bug\u00fcn; askeri kanunlara g\u00f6re 09-10-2018 tarihinden \u00f6nce yurti\u00e7i ve yurtd\u0131\u015f\u0131 firar su\u00e7unda bulunanlara genel af \u00f6n g\u00f6ren 2018\/18 say\u0131l\u0131 yasama karar\u0131n\u0131 onaylad\u0131. Yasama karar\u0131nda genel aftan faydalan\u0131lmas\u0131 i\u00e7in yurti\u00e7i firarilerin 4 ay, yurtd\u0131\u015f\u0131 firarilerin ise 6 ay s\u00fcre i\u00e7inde teslim olmalar\u0131 \u00f6ng\u00f6r\u00fcl\u00fcyor. Yasama karar\u0131nda ayr\u0131ca askerlik hizmetinin 2007\/30 say\u0131l\u0131 &hellip;<\/p>\n","protected":false},"author":1,"featured_media":151186,"comment_status":"closed","ping_status":"closed","sticky":false,"template":"","format":"standard","meta":{"footnotes":""},"categories":[479,605,17988,612,599,478],"tags":[18363,19968,37616,11020,16591,11549,22181],"class_list":["post-163021","post","type-post","status-publish","format-standard","has-post-thumbnail","","category-haberler-yerel","category-sayin-cumhurbaskani","category-son-haberler","category-yasama-kararnameler","category-yasama-ve-kanunlar","category-yerel","tag-af-karari","tag-bessar-esad","tag-firari-asker","tag-genel-af","tag-suriye","tag-suriye-ordusu","tag-suriyeliler"],"_links":{"self":[{"href":"https:\/\/archive.sana.sy\/tr\/index.php?rest_route=\/wp\/v2\/posts\/163021","targetHints":{"allow":["GET"]}}],"collection":[{"href":"https:\/\/archive.sana.sy\/tr\/index.php?rest_route=\/wp\/v2\/posts"}],"about":[{"href":"https:\/\/archive.sana.sy\/tr\/index.php?rest_route=\/wp\/v2\/types\/post"}],"author":[{"embeddable":true,"href":"https:\/\/archive.sana.sy\/tr\/index.php?rest_route=\/wp\/v2\/users\/1"}],"replies":[{"embeddable":true,"href":"https:\/\/archive.sana.sy\/tr\/index.php?rest_route=%2Fwp%2Fv2%2Fcomments&post=163021"}],"version-history":[{"count":0,"href":"https:\/\/archive.sana.sy\/tr\/index.php?rest_route=\/wp\/v2\/posts\/163021\/revisions"}],"wp:featuredmedia":[{"embeddable":true,"href":"https:\/\/archive.sana.sy\/tr\/index.php?rest_route=\/wp\/v2\/media\/151186"}],"wp:attachment":[{"href":"https:\/\/archive.sana.sy\/tr\/index.php?rest_route=%2Fwp%2Fv2%2Fmedia&parent=163021"}],"wp:term":[{"taxonomy":"category","embeddable":true,"href":"https:\/\/archive.sana.sy\/tr\/index.php?rest_route=%2Fwp%2Fv2%2Fcategories&post=163021"},{"taxonomy":"post_tag","embeddable":true,"href":"https:\/\/archive.sana.sy\/tr\/index.php?rest_route=%2Fwp%2Fv2%2Ftags&post=163021"}],"curies":[{"name":"wp","href":"https:\/\/api.w.org\/{rel}","templated":true}]}}