{"id":163038,"date":"2018-10-09T11:00:41","date_gmt":"2018-10-09T08:00:41","guid":{"rendered":"https:\/\/www.sana.sy\/tr\/?p=163038"},"modified":"2018-10-10T13:26:34","modified_gmt":"2018-10-10T10:26:34","slug":"multecilerin-sorununu-cozmenin-en-iyi-yolu-budur","status":"publish","type":"post","link":"https:\/\/archive.sana.sy\/tr\/?p=163038","title":{"rendered":"M\u00fcltecilerin Sorununu \u00c7\u00f6zmenin En \u0130yi Yolu Budur"},"content":{"rendered":"<p>PRAG \u2013 \u00c7ek Cumhuriyeti D\u0131\u015fi\u015fleri Bakan Yard\u0131mc\u0131s\u0131 Tomas Petricek Suriye&#8217;deki krizin siyasi \u00e7\u00f6z\u00fcm\u00fc i\u00e7in ciddi \u00e7abalar\u0131n yo\u011funla\u015ft\u0131r\u0131lmas\u0131 gerekti\u011fini belirtti.<\/p>\n<p>Petricek yapt\u0131\u011f\u0131 a\u00e7\u0131klamada; Suriyeli m\u00fcltecilerin sorununu \u00e7\u00f6zme ve onlar\u0131n uygun bir \u015fekilde vatanlar\u0131na geri d\u00f6n\u00fc\u015flerini sa\u011flaman\u0131n en do\u011fru ve iyi yolunun siyasi \u00e7\u00f6z\u00fcm\u00fc sa\u011flamak oldu\u011funu vurgulad\u0131.<\/p>\n<p>16 Ekim tarihinde d\u0131\u015fi\u015fleri bakanl\u0131\u011f\u0131 g\u00f6revine atanmas\u0131 beklenen Petricek \u00fclkesinin i\u015fgalci \u0130srail b\u00fcy\u00fckel\u00e7ili\u011fini Kud\u00fcs\u2019e aktarma konusunda ise, \u00fclkesinin bu konuda uluslar aras\u0131 kanun ve kararlar\u0131 kesinlikle ihlal etmeyece\u011fini ifade etti.<\/p>\n","protected":false},"excerpt":{"rendered":"<p>PRAG \u2013 \u00c7ek Cumhuriyeti D\u0131\u015fi\u015fleri Bakan Yard\u0131mc\u0131s\u0131 Tomas Petricek Suriye&#8217;deki krizin siyasi \u00e7\u00f6z\u00fcm\u00fc i\u00e7in ciddi \u00e7abalar\u0131n yo\u011funla\u015ft\u0131r\u0131lmas\u0131 gerekti\u011fini belirtti. Petricek yapt\u0131\u011f\u0131 a\u00e7\u0131klamada; Suriyeli m\u00fcltecilerin sorununu \u00e7\u00f6zme ve onlar\u0131n uygun bir \u015fekilde vatanlar\u0131na geri d\u00f6n\u00fc\u015flerini sa\u011flaman\u0131n en do\u011fru ve iyi yolunun siyasi \u00e7\u00f6z\u00fcm\u00fc sa\u011flamak oldu\u011funu vurgulad\u0131. 16 Ekim tarihinde d\u0131\u015fi\u015fleri bakanl\u0131\u011f\u0131 g\u00f6revine atanmas\u0131 beklenen Petricek \u00fclkesinin &hellip;<\/p>\n","protected":false},"author":1,"featured_media":163039,"comment_status":"closed","ping_status":"closed","sticky":false,"template":"","format":"standard","meta":{"footnotes":""},"categories":[458,459,17988],"tags":[34295,5614,10261,16591,18442,22181,37621],"class_list":["post-163038","post","type-post","status-publish","format-standard","has-post-thumbnail","","category-dunya1","category-haberler-arap-uluslararasi-politika","category-son-haberler","tag-cek","tag-israil","tag-kudus","tag-suriye","tag-suriyeli-multeciler","tag-suriyeliler","tag-tomas-petricek"],"_links":{"self":[{"href":"https:\/\/archive.sana.sy\/tr\/index.php?rest_route=\/wp\/v2\/posts\/163038","targetHints":{"allow":["GET"]}}],"collection":[{"href":"https:\/\/archive.sana.sy\/tr\/index.php?rest_route=\/wp\/v2\/posts"}],"about":[{"href":"https:\/\/archive.sana.sy\/tr\/index.php?rest_route=\/wp\/v2\/types\/post"}],"author":[{"embeddable":true,"href":"https:\/\/archive.sana.sy\/tr\/index.php?rest_route=\/wp\/v2\/users\/1"}],"replies":[{"embeddable":true,"href":"https:\/\/archive.sana.sy\/tr\/index.php?rest_route=%2Fwp%2Fv2%2Fcomments&post=163038"}],"version-history":[{"count":0,"href":"https:\/\/archive.sana.sy\/tr\/index.php?rest_route=\/wp\/v2\/posts\/163038\/revisions"}],"wp:featuredmedia":[{"embeddable":true,"href":"https:\/\/archive.sana.sy\/tr\/index.php?rest_route=\/wp\/v2\/media\/163039"}],"wp:attachment":[{"href":"https:\/\/archive.sana.sy\/tr\/index.php?rest_route=%2Fwp%2Fv2%2Fmedia&parent=163038"}],"wp:term":[{"taxonomy":"category","embeddable":true,"href":"https:\/\/archive.sana.sy\/tr\/index.php?rest_route=%2Fwp%2Fv2%2Fcategories&post=163038"},{"taxonomy":"post_tag","embeddable":true,"href":"https:\/\/archive.sana.sy\/tr\/index.php?rest_route=%2Fwp%2Fv2%2Ftags&post=163038"}],"curies":[{"name":"wp","href":"https:\/\/api.w.org\/{rel}","templated":true}]}}