{"id":163041,"date":"2018-10-09T13:14:45","date_gmt":"2018-10-09T10:14:45","guid":{"rendered":"https:\/\/www.sana.sy\/tr\/?p=163041"},"modified":"2018-10-10T13:26:29","modified_gmt":"2018-10-10T10:26:29","slug":"dera-kirsalinda-insani-yardim-dagitimi-devam-ediyor","status":"publish","type":"post","link":"https:\/\/archive.sana.sy\/tr\/?p=163041","title":{"rendered":"Dera K\u0131rsal\u0131nda \u0130nsani Yard\u0131m Da\u011f\u0131t\u0131m\u0131 Devam Ediyor"},"content":{"rendered":"<p>DERA \u2013 K\u0131z\u0131lay \u00d6rg\u00fct\u00fc bug\u00fcn Dera k\u0131rsal\u0131n\u0131n bat\u0131s\u0131 Yerm\u00fck Havzas\u0131nda yer alan 6 beldede muhtelif t\u00fcr insani yard\u0131m da\u011f\u0131t\u0131m\u0131n\u0131 s\u00fcrd\u00fcrd\u00fc.\u00a0<a href=\"https:\/\/www.sana.sy\/tr\/wp-content\/uploads\/2018\/10\/2-21.jpg\"><img loading=\"lazy\" decoding=\"async\" class=\"alignright wp-image-163043 size-medium\" src=\"https:\/\/www.sana.sy\/tr\/wp-content\/uploads\/2018\/10\/2-21-300x168.jpg\" alt=\"\" width=\"300\" height=\"168\" srcset=\"https:\/\/archive.sana.sy\/tr\/wp-content\/uploads\/2018\/10\/2-21-300x168.jpg 300w, https:\/\/archive.sana.sy\/tr\/wp-content\/uploads\/2018\/10\/2-21-150x84.jpg 150w, https:\/\/archive.sana.sy\/tr\/wp-content\/uploads\/2018\/10\/2-21.jpg 660w\" sizes=\"auto, (max-width: 300px) 100vw, 300px\" \/><\/a><\/p>\n<p>K\u0131z\u0131lay \u00d6rg\u00fct\u00fcn\u00fcn Dera \u0130l M\u00fcd\u00fcr\u00fc Ahmet Mesalime \u00f6rg\u00fct\u00fcn, ordu birliklerimizin son olarak ter\u00f6rden kurtard\u0131klar\u0131 b\u00f6lgelere insani yard\u0131m sunmaya devam etti\u011fini ifade ederken, yerm\u00fck Havzas\u0131nda 6 beldeye da\u011f\u0131t\u0131lmak \u00fczere 28 kamyondan ibaret bir insani yard\u0131m konvoyu g\u00f6nderildi\u011fini a\u00e7\u0131klad\u0131.<\/p>\n<p>Mesalime insani yard\u0131mlar\u0131n muhtelif t\u00fcr g\u0131da \u00fcr\u00fcnleri i\u00e7eren 5700 paketin yan\u0131 s\u0131ra 5700 un \u00e7uval\u0131ndan ibaret olduklar\u0131n\u0131 kaydetti.<\/p>\n","protected":false},"excerpt":{"rendered":"<p>DERA \u2013 K\u0131z\u0131lay \u00d6rg\u00fct\u00fc bug\u00fcn Dera k\u0131rsal\u0131n\u0131n bat\u0131s\u0131 Yerm\u00fck Havzas\u0131nda yer alan 6 beldede muhtelif t\u00fcr insani yard\u0131m da\u011f\u0131t\u0131m\u0131n\u0131 s\u00fcrd\u00fcrd\u00fc.\u00a0 K\u0131z\u0131lay \u00d6rg\u00fct\u00fcn\u00fcn Dera \u0130l M\u00fcd\u00fcr\u00fc Ahmet Mesalime \u00f6rg\u00fct\u00fcn, ordu birliklerimizin son olarak ter\u00f6rden kurtard\u0131klar\u0131 b\u00f6lgelere insani yard\u0131m sunmaya devam etti\u011fini ifade ederken, yerm\u00fck Havzas\u0131nda 6 beldeye da\u011f\u0131t\u0131lmak \u00fczere 28 kamyondan ibaret bir insani yard\u0131m konvoyu &hellip;<\/p>\n","protected":false},"author":1,"featured_media":163042,"comment_status":"closed","ping_status":"closed","sticky":false,"template":"","format":"standard","meta":{"footnotes":""},"categories":[479,17988,478],"tags":[18729,18671,16591,22181],"class_list":["post-163041","post","type-post","status-publish","format-standard","has-post-thumbnail","","category-haberler-yerel","category-son-haberler","category-yerel","tag-insnai-yardim","tag-kizilay-orgutu","tag-suriye","tag-suriyeliler"],"_links":{"self":[{"href":"https:\/\/archive.sana.sy\/tr\/index.php?rest_route=\/wp\/v2\/posts\/163041","targetHints":{"allow":["GET"]}}],"collection":[{"href":"https:\/\/archive.sana.sy\/tr\/index.php?rest_route=\/wp\/v2\/posts"}],"about":[{"href":"https:\/\/archive.sana.sy\/tr\/index.php?rest_route=\/wp\/v2\/types\/post"}],"author":[{"embeddable":true,"href":"https:\/\/archive.sana.sy\/tr\/index.php?rest_route=\/wp\/v2\/users\/1"}],"replies":[{"embeddable":true,"href":"https:\/\/archive.sana.sy\/tr\/index.php?rest_route=%2Fwp%2Fv2%2Fcomments&post=163041"}],"version-history":[{"count":0,"href":"https:\/\/archive.sana.sy\/tr\/index.php?rest_route=\/wp\/v2\/posts\/163041\/revisions"}],"wp:featuredmedia":[{"embeddable":true,"href":"https:\/\/archive.sana.sy\/tr\/index.php?rest_route=\/wp\/v2\/media\/163042"}],"wp:attachment":[{"href":"https:\/\/archive.sana.sy\/tr\/index.php?rest_route=%2Fwp%2Fv2%2Fmedia&parent=163041"}],"wp:term":[{"taxonomy":"category","embeddable":true,"href":"https:\/\/archive.sana.sy\/tr\/index.php?rest_route=%2Fwp%2Fv2%2Fcategories&post=163041"},{"taxonomy":"post_tag","embeddable":true,"href":"https:\/\/archive.sana.sy\/tr\/index.php?rest_route=%2Fwp%2Fv2%2Ftags&post=163041"}],"curies":[{"name":"wp","href":"https:\/\/api.w.org\/{rel}","templated":true}]}}