{"id":163175,"date":"2018-10-11T16:10:22","date_gmt":"2018-10-11T13:10:22","guid":{"rendered":"https:\/\/www.sana.sy\/tr\/?p=163175"},"modified":"2018-10-12T14:28:15","modified_gmt":"2018-10-12T11:28:15","slug":"teror-mayini-12-cocugu-yaraladi","status":"publish","type":"post","link":"https:\/\/archive.sana.sy\/tr\/?p=163175","title":{"rendered":"Ter\u00f6r May\u0131n\u0131 12 \u00c7ocu\u011fu Yaralad\u0131"},"content":{"rendered":"<p>DEYREZZOR \u2013 Deyrezzor k\u0131rsal\u0131n\u0131n do\u011fusunda radikal ter\u00f6r \u00f6rg\u00fct\u00fc I\u015e\u0130D\u2019ten kalma bir may\u0131n\u0131n patlamas\u0131 sonucunda 12 \u00e7ocuk yaraland\u0131.<\/p>\n<p><a href=\"https:\/\/www.sana.sy\/tr\/wp-content\/uploads\/2018\/10\/2-24.jpg\"><img loading=\"lazy\" decoding=\"async\" class=\"alignright wp-image-163182 \" src=\"https:\/\/www.sana.sy\/tr\/wp-content\/uploads\/2018\/10\/2-24-223x300.jpg\" alt=\"\" width=\"148\" height=\"199\" srcset=\"https:\/\/archive.sana.sy\/tr\/wp-content\/uploads\/2018\/10\/2-24-223x300.jpg 223w, https:\/\/archive.sana.sy\/tr\/wp-content\/uploads\/2018\/10\/2-24-112x150.jpg 112w, https:\/\/archive.sana.sy\/tr\/wp-content\/uploads\/2018\/10\/2-24.jpg 300w\" sizes=\"auto, (max-width: 148px) 100vw, 148px\" \/><\/a>SANA muhabiri radikal ter\u00f6ristlerin ordu birliklerimiz taraf\u0131ndan yok edilmeden \u00f6nce Salo K\u00f6y\u00fcnde \u00f6zel m\u00fclklere yerle\u015ftirdikleri may\u0131nlardan birinin patlamas\u0131 sonucunda muhtelif ya\u015flarda 12 \u00e7ocu\u011fun yaraland\u0131\u011f\u0131n\u0131 aktard\u0131.<\/p>\n<p>Muhabir yaralanan \u00e7ocuklar\u0131n tedavi edilmek \u00fczere Deyrezzor Kentinde Esad hastanesine kald\u0131r\u0131ld\u0131klar\u0131n\u0131 s\u00f6yledi.<\/p>\n<p>Hastane M\u00fcd\u00fcr\u00fc Dr. Galif Battah ise 2\u2019si hari\u00e7 di\u011fer \u00e7ocuklar\u0131n durumlar\u0131n\u0131n kontrol alt\u0131nda oldu\u011funu ifade etti.<\/p>\n","protected":false},"excerpt":{"rendered":"<p>DEYREZZOR \u2013 Deyrezzor k\u0131rsal\u0131n\u0131n do\u011fusunda radikal ter\u00f6r \u00f6rg\u00fct\u00fc I\u015e\u0130D\u2019ten kalma bir may\u0131n\u0131n patlamas\u0131 sonucunda 12 \u00e7ocuk yaraland\u0131. SANA muhabiri radikal ter\u00f6ristlerin ordu birliklerimiz taraf\u0131ndan yok edilmeden \u00f6nce Salo K\u00f6y\u00fcnde \u00f6zel m\u00fclklere yerle\u015ftirdikleri may\u0131nlardan birinin patlamas\u0131 sonucunda muhtelif ya\u015flarda 12 \u00e7ocu\u011fun yaraland\u0131\u011f\u0131n\u0131 aktard\u0131. Muhabir yaralanan \u00e7ocuklar\u0131n tedavi edilmek \u00fczere Deyrezzor Kentinde Esad hastanesine kald\u0131r\u0131ld\u0131klar\u0131n\u0131 s\u00f6yledi. Hastane &hellip;<\/p>\n","protected":false},"author":1,"featured_media":163183,"comment_status":"closed","ping_status":"closed","sticky":false,"template":"","format":"standard","meta":{"footnotes":""},"categories":[479,575,17988,478],"tags":[18237,2318,19677,18174,16591,25414,19034,22181],"class_list":["post-163175","post","type-post","status-publish","format-standard","has-post-thumbnail","","category-haberler-yerel","category-olaylar-ve-gercekler","category-son-haberler","category-yerel","tag-cihatcilar","tag-isid","tag-mayin-patladi","tag-sivillere-saldiri","tag-suriye","tag-suriyeli-cocuklar","tag-suriyeli-muhalifler","tag-suriyeliler"],"_links":{"self":[{"href":"https:\/\/archive.sana.sy\/tr\/index.php?rest_route=\/wp\/v2\/posts\/163175","targetHints":{"allow":["GET"]}}],"collection":[{"href":"https:\/\/archive.sana.sy\/tr\/index.php?rest_route=\/wp\/v2\/posts"}],"about":[{"href":"https:\/\/archive.sana.sy\/tr\/index.php?rest_route=\/wp\/v2\/types\/post"}],"author":[{"embeddable":true,"href":"https:\/\/archive.sana.sy\/tr\/index.php?rest_route=\/wp\/v2\/users\/1"}],"replies":[{"embeddable":true,"href":"https:\/\/archive.sana.sy\/tr\/index.php?rest_route=%2Fwp%2Fv2%2Fcomments&post=163175"}],"version-history":[{"count":0,"href":"https:\/\/archive.sana.sy\/tr\/index.php?rest_route=\/wp\/v2\/posts\/163175\/revisions"}],"wp:featuredmedia":[{"embeddable":true,"href":"https:\/\/archive.sana.sy\/tr\/index.php?rest_route=\/wp\/v2\/media\/163183"}],"wp:attachment":[{"href":"https:\/\/archive.sana.sy\/tr\/index.php?rest_route=%2Fwp%2Fv2%2Fmedia&parent=163175"}],"wp:term":[{"taxonomy":"category","embeddable":true,"href":"https:\/\/archive.sana.sy\/tr\/index.php?rest_route=%2Fwp%2Fv2%2Fcategories&post=163175"},{"taxonomy":"post_tag","embeddable":true,"href":"https:\/\/archive.sana.sy\/tr\/index.php?rest_route=%2Fwp%2Fv2%2Ftags&post=163175"}],"curies":[{"name":"wp","href":"https:\/\/api.w.org\/{rel}","templated":true}]}}