{"id":163204,"date":"2018-10-12T14:01:15","date_gmt":"2018-10-12T11:01:15","guid":{"rendered":"https:\/\/www.sana.sy\/tr\/?p=163204"},"modified":"2018-10-13T16:27:14","modified_gmt":"2018-10-13T13:27:14","slug":"tesvik-amacli-ek-odemelerin-duzenlemeleri-onaylandi","status":"publish","type":"post","link":"https:\/\/archive.sana.sy\/tr\/?p=163204","title":{"rendered":"Te\u015fvik Ama\u00e7l\u0131 Ek \u00d6demelerin D\u00fczenlemeleri Onayland\u0131"},"content":{"rendered":"<p>\u015eAM \u2013 Ba\u015fbakan \u0130mad Hamis Sa\u011fl\u0131k Bakanl\u0131\u011f\u0131na tabi t\u00fcm kurumlarda \u00e7al\u0131\u015fanlar\u0131n te\u015fvik ama\u00e7l\u0131 ek \u00f6demelerine ili\u015fkin sistem d\u00fczenlemelerini onaylad\u0131.<\/p>\n<p>Her t\u0131bbi \u00e7al\u0131\u015fmaya g\u00f6re belirlenen ek \u00f6demeler sa\u011fl\u0131k bakanl\u0131\u011f\u0131n\u0131n te\u015fvik ama\u00e7l\u0131 olarak ay\u0131rd\u0131\u011f\u0131 b\u00fct\u00e7eden \u00f6denecek.<\/p>\n<p>Onaylanan d\u00fczenlemelere g\u00f6re bakanl\u0131\u011fa tabi t\u00fcm kurumlarda \u00e7al\u0131\u015fan uzman doktorlar ve eczac\u0131lara kararla\u015ft\u0131r\u0131lan ek \u00f6deme miktar\u0131n\u0131n %55\u2019i \u00f6denirken, geriye kalan miktar sa\u011fl\u0131k bakanl\u0131\u011f\u0131n\u0131n di\u011fer \u00e7al\u0131\u015fanlar\u0131na \u00f6denecek.<\/p>\n","protected":false},"excerpt":{"rendered":"<p>\u015eAM \u2013 Ba\u015fbakan \u0130mad Hamis Sa\u011fl\u0131k Bakanl\u0131\u011f\u0131na tabi t\u00fcm kurumlarda \u00e7al\u0131\u015fanlar\u0131n te\u015fvik ama\u00e7l\u0131 ek \u00f6demelerine ili\u015fkin sistem d\u00fczenlemelerini onaylad\u0131. Her t\u0131bbi \u00e7al\u0131\u015fmaya g\u00f6re belirlenen ek \u00f6demeler sa\u011fl\u0131k bakanl\u0131\u011f\u0131n\u0131n te\u015fvik ama\u00e7l\u0131 olarak ay\u0131rd\u0131\u011f\u0131 b\u00fct\u00e7eden \u00f6denecek. Onaylanan d\u00fczenlemelere g\u00f6re bakanl\u0131\u011fa tabi t\u00fcm kurumlarda \u00e7al\u0131\u015fan uzman doktorlar ve eczac\u0131lara kararla\u015ft\u0131r\u0131lan ek \u00f6deme miktar\u0131n\u0131n %55\u2019i \u00f6denirken, geriye kalan miktar &hellip;<\/p>\n","protected":false},"author":1,"featured_media":163205,"comment_status":"closed","ping_status":"closed","sticky":false,"template":"","format":"standard","meta":{"footnotes":""},"categories":[479,17988,478],"tags":[18703,28758,13777,2755,16591,22181,37634],"class_list":["post-163204","post","type-post","status-publish","format-standard","has-post-thumbnail","","category-haberler-yerel","category-son-haberler","category-yerel","tag-basbakan","tag-mad-hamis","tag-saglik-bakanligi","tag-sam","tag-suriye","tag-suriyeliler","tag-tesvik-amacli-ek-odemeler"],"_links":{"self":[{"href":"https:\/\/archive.sana.sy\/tr\/index.php?rest_route=\/wp\/v2\/posts\/163204","targetHints":{"allow":["GET"]}}],"collection":[{"href":"https:\/\/archive.sana.sy\/tr\/index.php?rest_route=\/wp\/v2\/posts"}],"about":[{"href":"https:\/\/archive.sana.sy\/tr\/index.php?rest_route=\/wp\/v2\/types\/post"}],"author":[{"embeddable":true,"href":"https:\/\/archive.sana.sy\/tr\/index.php?rest_route=\/wp\/v2\/users\/1"}],"replies":[{"embeddable":true,"href":"https:\/\/archive.sana.sy\/tr\/index.php?rest_route=%2Fwp%2Fv2%2Fcomments&post=163204"}],"version-history":[{"count":0,"href":"https:\/\/archive.sana.sy\/tr\/index.php?rest_route=\/wp\/v2\/posts\/163204\/revisions"}],"wp:featuredmedia":[{"embeddable":true,"href":"https:\/\/archive.sana.sy\/tr\/index.php?rest_route=\/wp\/v2\/media\/163205"}],"wp:attachment":[{"href":"https:\/\/archive.sana.sy\/tr\/index.php?rest_route=%2Fwp%2Fv2%2Fmedia&parent=163204"}],"wp:term":[{"taxonomy":"category","embeddable":true,"href":"https:\/\/archive.sana.sy\/tr\/index.php?rest_route=%2Fwp%2Fv2%2Fcategories&post=163204"},{"taxonomy":"post_tag","embeddable":true,"href":"https:\/\/archive.sana.sy\/tr\/index.php?rest_route=%2Fwp%2Fv2%2Ftags&post=163204"}],"curies":[{"name":"wp","href":"https:\/\/api.w.org\/{rel}","templated":true}]}}