{"id":163211,"date":"2018-10-12T14:18:02","date_gmt":"2018-10-12T11:18:02","guid":{"rendered":"https:\/\/www.sana.sy\/tr\/?p=163211"},"modified":"2018-10-13T16:27:11","modified_gmt":"2018-10-13T13:27:11","slug":"suriyeye-karsi-savasta-asilsiz-mefhum-ve-kavramlar-one-suruldu","status":"publish","type":"post","link":"https:\/\/archive.sana.sy\/tr\/?p=163211","title":{"rendered":"Suriye\u2019ye Kar\u015f\u0131 Sava\u015fta As\u0131ls\u0131z Mefhum ve Kavramlar \u00d6ne S\u00fcr\u00fcld\u00fc"},"content":{"rendered":"<p>BELGRAT \u2013 Antakya ve T\u00fcm Do\u011fu Rum Ortodokslar Patri\u011fi X. Yuhanna Yaz\u0131c\u0131; maruz kald\u0131\u011f\u0131 uluslar aras\u0131 muhtelif y\u00f6nl\u00fc h\u0131r\u00e7\u0131n sava\u015fa ra\u011fmen Suriye&#8217;nin her daim oldu\u011fu gibi bar\u0131\u015f, g\u00fcvenlik ve ho\u015fg\u00f6r\u00fc yurdu olarak kalmaya devam edece\u011fini belirtti.\u00a0<a href=\"https:\/\/www.sana.sy\/tr\/wp-content\/uploads\/2018\/10\/2-26.jpg\"><img loading=\"lazy\" decoding=\"async\" class=\"alignright wp-image-163240 size-medium\" src=\"https:\/\/www.sana.sy\/tr\/wp-content\/uploads\/2018\/10\/2-26-169x300.jpg\" alt=\"\" width=\"169\" height=\"300\" srcset=\"https:\/\/archive.sana.sy\/tr\/wp-content\/uploads\/2018\/10\/2-26-169x300.jpg 169w, https:\/\/archive.sana.sy\/tr\/wp-content\/uploads\/2018\/10\/2-26-84x150.jpg 84w, https:\/\/archive.sana.sy\/tr\/wp-content\/uploads\/2018\/10\/2-26.jpg 480w\" sizes=\"auto, (max-width: 169px) 100vw, 169px\" \/><\/a><\/p>\n<p>S\u0131rbistan ziyareti s\u0131ras\u0131nda S\u0131rbistan\u2019da piskoposlar ba\u015fkan\u0131 ve S\u0131rbistan patri\u011finin e\u015fi\u011finde Suriye B\u00fcy\u00fckel\u00e7ili\u011fini ziyaret eden Patrik Yaz\u0131c\u0131; Suriye halk\u0131n\u0131n bar\u0131\u015f ve sevgi halk\u0131 olup kin ve nefrete yabanc\u0131 oldu\u011funu s\u00f6yledi. Patrik Yaz\u0131c\u0131 bu halk\u0131n Suriye&#8217;nin tarih boyunca t\u00fcm d\u00fcnyaya model te\u015fkil etti\u011fi sevgi, bar\u0131\u015f ve ho\u015fg\u00f6r\u00fc ilkelerine s\u0131ms\u0131k\u0131 tutundu\u011funu kaydetti.<\/p>\n<p>Suriye&#8217;de ya\u015fananlar\u0131n ger\u00e7e\u011fini bir k\u0131s\u0131m medya ara\u00e7lar\u0131n\u0131n \u00e7arp\u0131tmalar\u0131ndan uzak bir \u015fekilde tarafs\u0131z ve ger\u00e7ek\u00e7i bir \u015fekilde d\u00fcnya kamuoyuna aktarma gere\u011fini belirten Patrik Yaz\u0131c\u0131; Suriye ve halk\u0131na kar\u015f\u0131 y\u0131llard\u0131r y\u00fcr\u00fct\u00fclen bu sava\u015fta as\u0131ls\u0131z de\u011fimler, mefhumlar ve kavramlar\u0131n \u00f6ne s\u00fcr\u00fcld\u00fc\u011f\u00fcne dikkat \u00e7ekti.<\/p>\n","protected":false},"excerpt":{"rendered":"<p>BELGRAT \u2013 Antakya ve T\u00fcm Do\u011fu Rum Ortodokslar Patri\u011fi X. Yuhanna Yaz\u0131c\u0131; maruz kald\u0131\u011f\u0131 uluslar aras\u0131 muhtelif y\u00f6nl\u00fc h\u0131r\u00e7\u0131n sava\u015fa ra\u011fmen Suriye&#8217;nin her daim oldu\u011fu gibi bar\u0131\u015f, g\u00fcvenlik ve ho\u015fg\u00f6r\u00fc yurdu olarak kalmaya devam edece\u011fini belirtti.\u00a0 S\u0131rbistan ziyareti s\u0131ras\u0131nda S\u0131rbistan\u2019da piskoposlar ba\u015fkan\u0131 ve S\u0131rbistan patri\u011finin e\u015fi\u011finde Suriye B\u00fcy\u00fckel\u00e7ili\u011fini ziyaret eden Patrik Yaz\u0131c\u0131; Suriye halk\u0131n\u0131n bar\u0131\u015f &hellip;<\/p>\n","protected":false},"author":1,"featured_media":163242,"comment_status":"closed","ping_status":"closed","sticky":false,"template":"","format":"standard","meta":{"footnotes":""},"categories":[458,459,17988],"tags":[22600,30737,34160,24717,34165],"class_list":["post-163211","post","type-post","status-publish","format-standard","has-post-thumbnail","","category-dunya1","category-haberler-arap-uluslararasi-politika","category-son-haberler","tag-antakya-ve-tum-dogu-patrigi","tag-patrik","tag-rum-ortodokslar","tag-sirbistan","tag-yuhanna-yazici"],"_links":{"self":[{"href":"https:\/\/archive.sana.sy\/tr\/index.php?rest_route=\/wp\/v2\/posts\/163211","targetHints":{"allow":["GET"]}}],"collection":[{"href":"https:\/\/archive.sana.sy\/tr\/index.php?rest_route=\/wp\/v2\/posts"}],"about":[{"href":"https:\/\/archive.sana.sy\/tr\/index.php?rest_route=\/wp\/v2\/types\/post"}],"author":[{"embeddable":true,"href":"https:\/\/archive.sana.sy\/tr\/index.php?rest_route=\/wp\/v2\/users\/1"}],"replies":[{"embeddable":true,"href":"https:\/\/archive.sana.sy\/tr\/index.php?rest_route=%2Fwp%2Fv2%2Fcomments&post=163211"}],"version-history":[{"count":0,"href":"https:\/\/archive.sana.sy\/tr\/index.php?rest_route=\/wp\/v2\/posts\/163211\/revisions"}],"wp:featuredmedia":[{"embeddable":true,"href":"https:\/\/archive.sana.sy\/tr\/index.php?rest_route=\/wp\/v2\/media\/163242"}],"wp:attachment":[{"href":"https:\/\/archive.sana.sy\/tr\/index.php?rest_route=%2Fwp%2Fv2%2Fmedia&parent=163211"}],"wp:term":[{"taxonomy":"category","embeddable":true,"href":"https:\/\/archive.sana.sy\/tr\/index.php?rest_route=%2Fwp%2Fv2%2Fcategories&post=163211"},{"taxonomy":"post_tag","embeddable":true,"href":"https:\/\/archive.sana.sy\/tr\/index.php?rest_route=%2Fwp%2Fv2%2Ftags&post=163211"}],"curies":[{"name":"wp","href":"https:\/\/api.w.org\/{rel}","templated":true}]}}