{"id":163714,"date":"2018-10-19T12:00:52","date_gmt":"2018-10-19T09:00:52","guid":{"rendered":"https:\/\/www.sana.sy\/tr\/?p=163714"},"modified":"2018-10-20T13:28:45","modified_gmt":"2018-10-20T10:28:45","slug":"afrika-arap-fiziksel-guc-sampiyonasinda-suriyeye-6-altin-madalya","status":"publish","type":"post","link":"https:\/\/archive.sana.sy\/tr\/?p=163714","title":{"rendered":"Afrika-Arap Fiziksel G\u00fc\u00e7 \u015eampiyonas\u0131nda Suriye&#8217;ye 6 Alt\u0131n Madalya"},"content":{"rendered":"<p>RABAT \u2013 Fas&#8217;\u0131n Meknas \u015eehrinde d\u00fczenlenmekte olan Afrika-Arap Fiziksel G\u00fc\u00e7 \u015eampiyonas\u0131nda Suriye tak\u0131m\u0131 6 alt\u0131n madalya kazand\u0131.<\/p>\n<p>Barada Kul\u00fcb\u00fcnden Milli Tak\u0131m oyuncular\u0131ndan Lara el Turk 57 kg bayan kategorisinde 3 alt\u0131n madalya kazan\u0131rken, di\u011fer 3 alt\u0131n madalya da 105 kg erkek kategorisinde oyuncu antren\u00f6r Ziyad Muhammed&#8217;ten geldi.<\/p>\n<p>Afrika Birli\u011fi sanca\u011f\u0131 alt\u0131nda olan b\u00fct\u00fcn Afrika Birliklerinin kat\u0131l\u0131m\u0131yla bu \u015eampiyona Fas&#8217;ta ilk defa d\u00fczenlenirken, Suriye,\u00dcrd\u00fcn, Irak, L\u00fcbnan, BAE, Kuveyt, M\u0131s\u0131r, Cezayir, Libya, Somali ve Fas ile temsil olunan Arap Birlikleri yan\u0131 s\u0131ra onur konu\u011fu olarak da \u0130ran kat\u0131l\u0131yor.<\/p>\n<div id='gallery-1' class='gallery galleryid-163714 gallery-columns-1 gallery-size-full'><figure class='gallery-item'>\n\t\t\t<div class='gallery-icon portrait'>\n\t\t\t\t<a href='https:\/\/archive.sana.sy\/tr\/wp-content\/uploads\/2018\/10\/\u0645\u0643\u0646\u0627\u0633-2.jpg'><img loading=\"lazy\" decoding=\"async\" width=\"578\" height=\"960\" src=\"https:\/\/archive.sana.sy\/tr\/wp-content\/uploads\/2018\/10\/\u0645\u0643\u0646\u0627\u0633-2.jpg\" class=\"attachment-full size-full\" alt=\"\" srcset=\"https:\/\/archive.sana.sy\/tr\/wp-content\/uploads\/2018\/10\/\u0645\u0643\u0646\u0627\u0633-2.jpg 578w, https:\/\/archive.sana.sy\/tr\/wp-content\/uploads\/2018\/10\/\u0645\u0643\u0646\u0627\u0633-2-90x150.jpg 90w, https:\/\/archive.sana.sy\/tr\/wp-content\/uploads\/2018\/10\/\u0645\u0643\u0646\u0627\u0633-2-181x300.jpg 181w\" sizes=\"auto, (max-width: 578px) 100vw, 578px\" \/><\/a>\n\t\t\t<\/div><\/figure><figure class='gallery-item'>\n\t\t\t<div class='gallery-icon portrait'>\n\t\t\t\t<a href='https:\/\/archive.sana.sy\/tr\/wp-content\/uploads\/2018\/10\/\u0645\u0643\u0646\u0627\u0633-4.jpg'><img loading=\"lazy\" decoding=\"async\" width=\"738\" height=\"960\" src=\"https:\/\/archive.sana.sy\/tr\/wp-content\/uploads\/2018\/10\/\u0645\u0643\u0646\u0627\u0633-4.jpg\" class=\"attachment-full size-full\" alt=\"\" srcset=\"https:\/\/archive.sana.sy\/tr\/wp-content\/uploads\/2018\/10\/\u0645\u0643\u0646\u0627\u0633-4.jpg 738w, https:\/\/archive.sana.sy\/tr\/wp-content\/uploads\/2018\/10\/\u0645\u0643\u0646\u0627\u0633-4-115x150.jpg 115w, https:\/\/archive.sana.sy\/tr\/wp-content\/uploads\/2018\/10\/\u0645\u0643\u0646\u0627\u0633-4-231x300.jpg 231w\" sizes=\"auto, (max-width: 738px) 100vw, 738px\" \/><\/a>\n\t\t\t<\/div><\/figure><figure class='gallery-item'>\n\t\t\t<div class='gallery-icon portrait'>\n\t\t\t\t<a href='https:\/\/archive.sana.sy\/tr\/wp-content\/uploads\/2018\/10\/\u0645\u0643\u0646\u0627\u0633-5.jpg'><img loading=\"lazy\" decoding=\"async\" width=\"773\" height=\"960\" src=\"https:\/\/archive.sana.sy\/tr\/wp-content\/uploads\/2018\/10\/\u0645\u0643\u0646\u0627\u0633-5.jpg\" class=\"attachment-full size-full\" alt=\"\" srcset=\"https:\/\/archive.sana.sy\/tr\/wp-content\/uploads\/2018\/10\/\u0645\u0643\u0646\u0627\u0633-5.jpg 773w, https:\/\/archive.sana.sy\/tr\/wp-content\/uploads\/2018\/10\/\u0645\u0643\u0646\u0627\u0633-5-121x150.jpg 121w, https:\/\/archive.sana.sy\/tr\/wp-content\/uploads\/2018\/10\/\u0645\u0643\u0646\u0627\u0633-5-242x300.jpg 242w, https:\/\/archive.sana.sy\/tr\/wp-content\/uploads\/2018\/10\/\u0645\u0643\u0646\u0627\u0633-5-768x954.jpg 768w\" sizes=\"auto, (max-width: 773px) 100vw, 773px\" \/><\/a>\n\t\t\t<\/div><\/figure><figure class='gallery-item'>\n\t\t\t<div class='gallery-icon landscape'>\n\t\t\t\t<a href='https:\/\/archive.sana.sy\/tr\/wp-content\/uploads\/2018\/10\/\u0645\u0643\u0646\u0627\u0633-1.jpg'><img loading=\"lazy\" decoding=\"async\" width=\"960\" height=\"720\" src=\"https:\/\/archive.sana.sy\/tr\/wp-content\/uploads\/2018\/10\/\u0645\u0643\u0646\u0627\u0633-1.jpg\" class=\"attachment-full size-full\" alt=\"\" srcset=\"https:\/\/archive.sana.sy\/tr\/wp-content\/uploads\/2018\/10\/\u0645\u0643\u0646\u0627\u0633-1.jpg 960w, https:\/\/archive.sana.sy\/tr\/wp-content\/uploads\/2018\/10\/\u0645\u0643\u0646\u0627\u0633-1-150x113.jpg 150w, https:\/\/archive.sana.sy\/tr\/wp-content\/uploads\/2018\/10\/\u0645\u0643\u0646\u0627\u0633-1-300x225.jpg 300w, https:\/\/archive.sana.sy\/tr\/wp-content\/uploads\/2018\/10\/\u0645\u0643\u0646\u0627\u0633-1-768x576.jpg 768w\" sizes=\"auto, (max-width: 960px) 100vw, 960px\" \/><\/a>\n\t\t\t<\/div><\/figure><figure class='gallery-item'>\n\t\t\t<div class='gallery-icon landscape'>\n\t\t\t\t<a href='https:\/\/archive.sana.sy\/tr\/wp-content\/uploads\/2018\/10\/\u0645\u0643\u0646\u0627\u0633-3.jpg'><img loading=\"lazy\" decoding=\"async\" width=\"960\" height=\"737\" src=\"https:\/\/archive.sana.sy\/tr\/wp-content\/uploads\/2018\/10\/\u0645\u0643\u0646\u0627\u0633-3.jpg\" class=\"attachment-full size-full\" alt=\"\" srcset=\"https:\/\/archive.sana.sy\/tr\/wp-content\/uploads\/2018\/10\/\u0645\u0643\u0646\u0627\u0633-3.jpg 960w, https:\/\/archive.sana.sy\/tr\/wp-content\/uploads\/2018\/10\/\u0645\u0643\u0646\u0627\u0633-3-150x115.jpg 150w, https:\/\/archive.sana.sy\/tr\/wp-content\/uploads\/2018\/10\/\u0645\u0643\u0646\u0627\u0633-3-300x230.jpg 300w, https:\/\/archive.sana.sy\/tr\/wp-content\/uploads\/2018\/10\/\u0645\u0643\u0646\u0627\u0633-3-768x590.jpg 768w\" sizes=\"auto, (max-width: 960px) 100vw, 960px\" \/><\/a>\n\t\t\t<\/div><\/figure>\n\t\t<\/div>\n\n","protected":false},"excerpt":{"rendered":"<p>RABAT \u2013 Fas&#8217;\u0131n Meknas \u015eehrinde d\u00fczenlenmekte olan Afrika-Arap Fiziksel G\u00fc\u00e7 \u015eampiyonas\u0131nda Suriye tak\u0131m\u0131 6 alt\u0131n madalya kazand\u0131. Barada Kul\u00fcb\u00fcnden Milli Tak\u0131m oyuncular\u0131ndan Lara el Turk 57 kg bayan kategorisinde 3 alt\u0131n madalya kazan\u0131rken, di\u011fer 3 alt\u0131n madalya da 105 kg erkek kategorisinde oyuncu antren\u00f6r Ziyad Muhammed&#8217;ten geldi. Afrika Birli\u011fi sanca\u011f\u0131 alt\u0131nda olan b\u00fct\u00fcn Afrika Birliklerinin &hellip;<\/p>\n","protected":false},"author":1,"featured_media":163715,"comment_status":"closed","ping_status":"closed","sticky":false,"template":"","format":"standard","meta":{"footnotes":""},"categories":[458,498,596,459,17988,496],"tags":[37670,20359,7325],"class_list":["post-163714","post","type-post","status-publish","format-standard","has-post-thumbnail","","category-dunya1","category-dunya-turnuvalari","category-fotografli-raporlar","category-haberler-arap-uluslararasi-politika","category-son-haberler","category-spor","tag-afrika-arap","tag-altin-madalya","tag-fas"],"_links":{"self":[{"href":"https:\/\/archive.sana.sy\/tr\/index.php?rest_route=\/wp\/v2\/posts\/163714","targetHints":{"allow":["GET"]}}],"collection":[{"href":"https:\/\/archive.sana.sy\/tr\/index.php?rest_route=\/wp\/v2\/posts"}],"about":[{"href":"https:\/\/archive.sana.sy\/tr\/index.php?rest_route=\/wp\/v2\/types\/post"}],"author":[{"embeddable":true,"href":"https:\/\/archive.sana.sy\/tr\/index.php?rest_route=\/wp\/v2\/users\/1"}],"replies":[{"embeddable":true,"href":"https:\/\/archive.sana.sy\/tr\/index.php?rest_route=%2Fwp%2Fv2%2Fcomments&post=163714"}],"version-history":[{"count":0,"href":"https:\/\/archive.sana.sy\/tr\/index.php?rest_route=\/wp\/v2\/posts\/163714\/revisions"}],"wp:featuredmedia":[{"embeddable":true,"href":"https:\/\/archive.sana.sy\/tr\/index.php?rest_route=\/wp\/v2\/media\/163715"}],"wp:attachment":[{"href":"https:\/\/archive.sana.sy\/tr\/index.php?rest_route=%2Fwp%2Fv2%2Fmedia&parent=163714"}],"wp:term":[{"taxonomy":"category","embeddable":true,"href":"https:\/\/archive.sana.sy\/tr\/index.php?rest_route=%2Fwp%2Fv2%2Fcategories&post=163714"},{"taxonomy":"post_tag","embeddable":true,"href":"https:\/\/archive.sana.sy\/tr\/index.php?rest_route=%2Fwp%2Fv2%2Ftags&post=163714"}],"curies":[{"name":"wp","href":"https:\/\/api.w.org\/{rel}","templated":true}]}}