{"id":164085,"date":"2018-10-24T13:56:43","date_gmt":"2018-10-24T10:56:43","guid":{"rendered":"https:\/\/www.sana.sy\/tr\/?p=164085"},"modified":"2018-10-25T12:58:06","modified_gmt":"2018-10-25T09:58:06","slug":"siyasi-cozum-cabalari-masaya-yatirildi","status":"publish","type":"post","link":"https:\/\/archive.sana.sy\/tr\/?p=164085","title":{"rendered":"Siyasi \u00c7\u00f6z\u00fcm \u00c7abalar\u0131 Masaya Yat\u0131r\u0131ld\u0131"},"content":{"rendered":"<p>\u015eAM \u2013 Ba\u015fbakan Yard\u0131mc\u0131s\u0131 D\u0131\u015fi\u015fleri ve Gurbet\u00e7iler Bakan\u0131 Velid Muallim bug\u00fcn BM genel sekreterinin Suriye \u00f6zel temsilcisi Staffan de Mistura ve Suriye ziyaretinde ona e\u015flik eden heyeti kabul etti.<\/p>\n<p>Suriye&#8217;deki krize siyasi \u00e7\u00f6z\u00fcm sa\u011flama ama\u00e7l\u0131 \u00e7abalar\u0131n ele al\u0131nd\u0131\u011f\u0131 g\u00f6r\u00fc\u015fmede, mevcut anayasay\u0131 tart\u0131\u015facak komitenin te\u015fkil edilmesi meselesi de tart\u0131\u015f\u0131ld\u0131.<\/p>\n<p>Muallim Suriye&#8217;nin So\u00e7i\u2019de d\u00fczenlenen Suriye ulusal diyalog konferans\u0131 ve sonu\u00e7lar\u0131n\u0131n yan\u0131 s\u0131ra siyasi \u00e7\u00f6z\u00fcme katk\u0131 sa\u011flayacak her ciddi \u00e7abaya olumlu yakla\u015ft\u0131\u011f\u0131na dikkat \u00e7ekti. Bu ba\u011flamda anayasay\u0131 tart\u0131\u015facak komitenin te\u015fkil edilmesine de olumlu yakla\u015ft\u0131\u011f\u0131n\u0131 ifade eden Muallim; fakat bu ba\u011flamda BM misak\u0131yla birlikte ilgili uluslar aras\u0131 kanunlar ve kararlara sayg\u0131 duyulmas\u0131 \u00f6nemini kaydetti.<\/p>\n<p>Muallim Suriye&#8217;de \u00e7\u00f6z\u00fcm\u00fcn herhangi bir d\u0131\u015f dayatmadan uzak bir \u015fekilde Suriyelilerin bizzat kendileri taraf\u0131ndan olmas\u0131yla birlikte Suriye&#8217;nin egemenli\u011fi, ba\u011f\u0131ms\u0131zl\u0131\u011f\u0131 ve toprak b\u00fct\u00fcnl\u00fc\u011f\u00fcne tamamen sayg\u0131 g\u00f6stermesi gere\u011finin alt\u0131n\u0131 \u00e7izdi.<\/p>\n<p>Bir k\u0131s\u0131m devletlerin dayatmalarda bulunmaya \u00e7al\u0131\u015ft\u0131klar\u0131na dikkat \u00e7eken Muallim; Suriyelilerin iradelerini ve kendi geleceklerini belirleme karar\u0131n\u0131n gasp edilmesinin m\u00fcmk\u00fcn olmad\u0131\u011f\u0131n\u0131 vurgulad\u0131.<\/p>\n<p>G\u00f6r\u00fc\u015fmede de Mistura siyasi s\u00fcrecin ilerletilmesi amac\u0131yla muhtelif taraflarla bulundu\u011fu temaslar ve \u00e7abalar hakk\u0131nda ayr\u0131nt\u0131l\u0131 bir sunum takdim etti. De Mistura g\u00f6rev s\u00fcresince Suriye&#8217;de \u00e7\u00f6z\u00fcm\u00fcn sa\u011flanmas\u0131 i\u00e7in elinden gelen her gayreti g\u00f6sterdi\u011fini s\u00f6yledi.<\/p>\n<p>\u0130ki taraf g\u00f6r\u00fc\u015fmede siyasi s\u00fcrecin ilerletilmesine katk\u0131 sa\u011flamayacak meselelerde koordinasyon ve ileti\u015fimi s\u00fcrd\u00fcrme \u00fczerinde g\u00f6r\u00fc\u015f birli\u011fi kaydetti.<\/p>\n","protected":false},"excerpt":{"rendered":"<p>\u015eAM \u2013 Ba\u015fbakan Yard\u0131mc\u0131s\u0131 D\u0131\u015fi\u015fleri ve Gurbet\u00e7iler Bakan\u0131 Velid Muallim bug\u00fcn BM genel sekreterinin Suriye \u00f6zel temsilcisi Staffan de Mistura ve Suriye ziyaretinde ona e\u015flik eden heyeti kabul etti. Suriye&#8217;deki krize siyasi \u00e7\u00f6z\u00fcm sa\u011flama ama\u00e7l\u0131 \u00e7abalar\u0131n ele al\u0131nd\u0131\u011f\u0131 g\u00f6r\u00fc\u015fmede, mevcut anayasay\u0131 tart\u0131\u015facak komitenin te\u015fkil edilmesi meselesi de tart\u0131\u015f\u0131ld\u0131. Muallim Suriye&#8217;nin So\u00e7i\u2019de d\u00fczenlenen Suriye ulusal diyalog &hellip;<\/p>\n","protected":false},"author":1,"featured_media":164086,"comment_status":"closed","ping_status":"closed","sticky":false,"template":"","format":"standard","meta":{"footnotes":""},"categories":[479,17988,478],"tags":[18555,17522,37704,33373,16591,33128,17051],"class_list":["post-164085","post","type-post","status-publish","format-standard","has-post-thumbnail","","category-haberler-yerel","category-son-haberler","category-yerel","tag-basbakan-yardimcisi-disisleri-ve-gurbetciler-bakani","tag-bm-genel-sekreterinin-suriye-ozel-temsilcisi-staffan-de-mistura","tag-siyasi-cozume","tag-soci","tag-suriye","tag-ulusal-diyalog-konferansi","tag-velid-muallim"],"_links":{"self":[{"href":"https:\/\/archive.sana.sy\/tr\/index.php?rest_route=\/wp\/v2\/posts\/164085","targetHints":{"allow":["GET"]}}],"collection":[{"href":"https:\/\/archive.sana.sy\/tr\/index.php?rest_route=\/wp\/v2\/posts"}],"about":[{"href":"https:\/\/archive.sana.sy\/tr\/index.php?rest_route=\/wp\/v2\/types\/post"}],"author":[{"embeddable":true,"href":"https:\/\/archive.sana.sy\/tr\/index.php?rest_route=\/wp\/v2\/users\/1"}],"replies":[{"embeddable":true,"href":"https:\/\/archive.sana.sy\/tr\/index.php?rest_route=%2Fwp%2Fv2%2Fcomments&post=164085"}],"version-history":[{"count":0,"href":"https:\/\/archive.sana.sy\/tr\/index.php?rest_route=\/wp\/v2\/posts\/164085\/revisions"}],"wp:featuredmedia":[{"embeddable":true,"href":"https:\/\/archive.sana.sy\/tr\/index.php?rest_route=\/wp\/v2\/media\/164086"}],"wp:attachment":[{"href":"https:\/\/archive.sana.sy\/tr\/index.php?rest_route=%2Fwp%2Fv2%2Fmedia&parent=164085"}],"wp:term":[{"taxonomy":"category","embeddable":true,"href":"https:\/\/archive.sana.sy\/tr\/index.php?rest_route=%2Fwp%2Fv2%2Fcategories&post=164085"},{"taxonomy":"post_tag","embeddable":true,"href":"https:\/\/archive.sana.sy\/tr\/index.php?rest_route=%2Fwp%2Fv2%2Ftags&post=164085"}],"curies":[{"name":"wp","href":"https:\/\/api.w.org\/{rel}","templated":true}]}}