{"id":164291,"date":"2018-10-26T16:36:19","date_gmt":"2018-10-26T14:36:19","guid":{"rendered":"https:\/\/www.sana.sy\/tr\/?p=164291"},"modified":"2018-10-26T16:36:19","modified_gmt":"2018-10-26T14:36:19","slug":"suriyenin-bm-daimi-temsilcisi-bessar-caferi-orta-dogu-ile-ilgili-uluslararasi-guvenlik-konseyi-oturumunda-suriye-hukumetinin-basindan-beri-cenevre-gorusmelerine-katildigini-krizin-siyasi","status":"publish","type":"post","link":"https:\/\/archive.sana.sy\/tr\/?p=164291","title":{"rendered":"Suriye&#8217;nin BM Daimi Temsilcisi Be\u015f\u015far Caferi Orta Do\u011fu ile ilgili Uluslararas\u0131 G\u00fcvenlik Konseyi oturumunda, Suriye H\u00fck\u00fcmeti\u2019nin ba\u015f\u0131ndan beri Cenevre g\u00f6r\u00fc\u015fmelerine kat\u0131ld\u0131\u011f\u0131n\u0131, krizin siyasi \u00e7\u00f6z\u00fcm\u00fcne ula\u015fmak hedefiyle BM t\u00fcm temsilcileri ve Uluslararas\u0131 \u00d6rg\u00fct ile i\u015fbirli\u011fi yapt\u0131\u011f\u0131n\u0131 s\u00f6yledi"},"content":{"rendered":"<p>Suriye&#8217;nin BM Daimi Temsilcisi Be\u015f\u015far Caferi Orta Do\u011fu ile ilgili Uluslararas\u0131 G\u00fcvenlik Konseyi oturumunda, Suriye H\u00fck\u00fcmeti\u2019nin ba\u015f\u0131ndan beri Cenevre g\u00f6r\u00fc\u015fmelerine kat\u0131ld\u0131\u011f\u0131n\u0131, krizin siyasi \u00e7\u00f6z\u00fcm\u00fcne ula\u015fmak hedefiyle BM t\u00fcm temsilcileri ve Uluslararas\u0131 \u00d6rg\u00fct ile i\u015fbirli\u011fi yapt\u0131\u011f\u0131n\u0131 s\u00f6yledi<\/p>\n","protected":false},"excerpt":{"rendered":"<p>Suriye&#8217;nin BM Daimi Temsilcisi Be\u015f\u015far Caferi Orta Do\u011fu ile ilgili Uluslararas\u0131 G\u00fcvenlik Konseyi oturumunda, Suriye H\u00fck\u00fcmeti\u2019nin ba\u015f\u0131ndan beri Cenevre g\u00f6r\u00fc\u015fmelerine kat\u0131ld\u0131\u011f\u0131n\u0131, krizin siyasi \u00e7\u00f6z\u00fcm\u00fcne ula\u015fmak hedefiyle BM t\u00fcm temsilcileri ve Uluslararas\u0131 \u00d6rg\u00fct ile i\u015fbirli\u011fi yapt\u0131\u011f\u0131n\u0131 s\u00f6yledi<\/p>\n","protected":false},"author":1,"featured_media":0,"comment_status":"closed","ping_status":"closed","sticky":false,"template":"","format":"standard","meta":{"footnotes":""},"categories":[17991],"tags":[],"class_list":["post-164291","post","type-post","status-publish","format-standard","","category-son-dakika"],"_links":{"self":[{"href":"https:\/\/archive.sana.sy\/tr\/index.php?rest_route=\/wp\/v2\/posts\/164291","targetHints":{"allow":["GET"]}}],"collection":[{"href":"https:\/\/archive.sana.sy\/tr\/index.php?rest_route=\/wp\/v2\/posts"}],"about":[{"href":"https:\/\/archive.sana.sy\/tr\/index.php?rest_route=\/wp\/v2\/types\/post"}],"author":[{"embeddable":true,"href":"https:\/\/archive.sana.sy\/tr\/index.php?rest_route=\/wp\/v2\/users\/1"}],"replies":[{"embeddable":true,"href":"https:\/\/archive.sana.sy\/tr\/index.php?rest_route=%2Fwp%2Fv2%2Fcomments&post=164291"}],"version-history":[{"count":0,"href":"https:\/\/archive.sana.sy\/tr\/index.php?rest_route=\/wp\/v2\/posts\/164291\/revisions"}],"wp:attachment":[{"href":"https:\/\/archive.sana.sy\/tr\/index.php?rest_route=%2Fwp%2Fv2%2Fmedia&parent=164291"}],"wp:term":[{"taxonomy":"category","embeddable":true,"href":"https:\/\/archive.sana.sy\/tr\/index.php?rest_route=%2Fwp%2Fv2%2Fcategories&post=164291"},{"taxonomy":"post_tag","embeddable":true,"href":"https:\/\/archive.sana.sy\/tr\/index.php?rest_route=%2Fwp%2Fv2%2Ftags&post=164291"}],"curies":[{"name":"wp","href":"https:\/\/api.w.org\/{rel}","templated":true}]}}