{"id":164293,"date":"2018-10-26T16:41:13","date_gmt":"2018-10-26T14:41:13","guid":{"rendered":"https:\/\/www.sana.sy\/tr\/?p=164293"},"modified":"2018-10-26T16:41:13","modified_gmt":"2018-10-26T14:41:13","slug":"caferi-bazi-batili-devletler-suriyeye-tarihte-ornegi-gorulmemis-bir-teror-savasi-duzenlemekle-bm-misakini-ihlal-edip-komplo-kurdu","status":"publish","type":"post","link":"https:\/\/archive.sana.sy\/tr\/?p=164293","title":{"rendered":"Caferi: Baz\u0131 bat\u0131l\u0131 devletler Suriye&#8217;ye tarihte \u00f6rne\u011fi g\u00f6r\u00fclmemi\u015f bir ter\u00f6r sava\u015f\u0131 d\u00fczenlemekle BM misak\u0131n\u0131 ihlal edip komplo kurdu"},"content":{"rendered":"<p>Caferi: Baz\u0131 bat\u0131l\u0131 devletler Suriye&#8217;ye tarihte \u00f6rne\u011fi g\u00f6r\u00fclmemi\u015f bir ter\u00f6r sava\u015f\u0131 d\u00fczenlemekle BM misak\u0131n\u0131 ihlal edip komplo kurdu<\/p>\n","protected":false},"excerpt":{"rendered":"<p>Caferi: Baz\u0131 bat\u0131l\u0131 devletler Suriye&#8217;ye tarihte \u00f6rne\u011fi g\u00f6r\u00fclmemi\u015f bir ter\u00f6r sava\u015f\u0131 d\u00fczenlemekle BM misak\u0131n\u0131 ihlal edip komplo kurdu<\/p>\n","protected":false},"author":1,"featured_media":0,"comment_status":"closed","ping_status":"closed","sticky":false,"template":"","format":"standard","meta":{"footnotes":""},"categories":[17991],"tags":[],"class_list":["post-164293","post","type-post","status-publish","format-standard","","category-son-dakika"],"_links":{"self":[{"href":"https:\/\/archive.sana.sy\/tr\/index.php?rest_route=\/wp\/v2\/posts\/164293","targetHints":{"allow":["GET"]}}],"collection":[{"href":"https:\/\/archive.sana.sy\/tr\/index.php?rest_route=\/wp\/v2\/posts"}],"about":[{"href":"https:\/\/archive.sana.sy\/tr\/index.php?rest_route=\/wp\/v2\/types\/post"}],"author":[{"embeddable":true,"href":"https:\/\/archive.sana.sy\/tr\/index.php?rest_route=\/wp\/v2\/users\/1"}],"replies":[{"embeddable":true,"href":"https:\/\/archive.sana.sy\/tr\/index.php?rest_route=%2Fwp%2Fv2%2Fcomments&post=164293"}],"version-history":[{"count":0,"href":"https:\/\/archive.sana.sy\/tr\/index.php?rest_route=\/wp\/v2\/posts\/164293\/revisions"}],"wp:attachment":[{"href":"https:\/\/archive.sana.sy\/tr\/index.php?rest_route=%2Fwp%2Fv2%2Fmedia&parent=164293"}],"wp:term":[{"taxonomy":"category","embeddable":true,"href":"https:\/\/archive.sana.sy\/tr\/index.php?rest_route=%2Fwp%2Fv2%2Fcategories&post=164293"},{"taxonomy":"post_tag","embeddable":true,"href":"https:\/\/archive.sana.sy\/tr\/index.php?rest_route=%2Fwp%2Fv2%2Ftags&post=164293"}],"curies":[{"name":"wp","href":"https:\/\/api.w.org\/{rel}","templated":true}]}}