{"id":164295,"date":"2018-10-26T16:51:20","date_gmt":"2018-10-26T14:51:20","guid":{"rendered":"https:\/\/www.sana.sy\/tr\/?p=164295"},"modified":"2018-10-26T16:51:20","modified_gmt":"2018-10-26T14:51:20","slug":"caferi-mesru-olmayan-koalisyon-suriyede-terorist-gruplar-haricinde-her-seyi-hedef-aliyor-ozel-temsilci-raporunun-suriyeli-masum-siviller-hakkinda-islenen-bu-katliamlari-nasil-goz-ardi-ediyor-dogru","status":"publish","type":"post","link":"https:\/\/archive.sana.sy\/tr\/?p=164295","title":{"rendered":"Caferi: Me\u015fru olmayan koalisyon Suriye&#8217;de ter\u00f6rist gruplar haricinde her \u015feyi hedef al\u0131yor. \u00d6zel Temsilci raporunun Suriyeli masum siviller hakk\u0131nda i\u015flenen bu katliamlar\u0131 nas\u0131l g\u00f6z ard\u0131 ediyor do\u011frusu \u00e7ok gariptir"},"content":{"rendered":"<p>Caferi: Me\u015fru olmayan koalisyon Suriye&#8217;de ter\u00f6rist gruplar haricinde her \u015feyi hedef al\u0131yor. \u00d6zel Temsilci raporunun Suriyeli masum siviller hakk\u0131nda i\u015flenen bu katliamlar\u0131 nas\u0131l g\u00f6z ard\u0131 ediyor do\u011frusu \u00e7ok gariptir<\/p>\n","protected":false},"excerpt":{"rendered":"<p>Caferi: Me\u015fru olmayan koalisyon Suriye&#8217;de ter\u00f6rist gruplar haricinde her \u015feyi hedef al\u0131yor. \u00d6zel Temsilci raporunun Suriyeli masum siviller hakk\u0131nda i\u015flenen bu katliamlar\u0131 nas\u0131l g\u00f6z ard\u0131 ediyor do\u011frusu \u00e7ok gariptir<\/p>\n","protected":false},"author":1,"featured_media":0,"comment_status":"closed","ping_status":"closed","sticky":false,"template":"","format":"standard","meta":{"footnotes":""},"categories":[17991],"tags":[],"class_list":["post-164295","post","type-post","status-publish","format-standard","","category-son-dakika"],"_links":{"self":[{"href":"https:\/\/archive.sana.sy\/tr\/index.php?rest_route=\/wp\/v2\/posts\/164295","targetHints":{"allow":["GET"]}}],"collection":[{"href":"https:\/\/archive.sana.sy\/tr\/index.php?rest_route=\/wp\/v2\/posts"}],"about":[{"href":"https:\/\/archive.sana.sy\/tr\/index.php?rest_route=\/wp\/v2\/types\/post"}],"author":[{"embeddable":true,"href":"https:\/\/archive.sana.sy\/tr\/index.php?rest_route=\/wp\/v2\/users\/1"}],"replies":[{"embeddable":true,"href":"https:\/\/archive.sana.sy\/tr\/index.php?rest_route=%2Fwp%2Fv2%2Fcomments&post=164295"}],"version-history":[{"count":0,"href":"https:\/\/archive.sana.sy\/tr\/index.php?rest_route=\/wp\/v2\/posts\/164295\/revisions"}],"wp:attachment":[{"href":"https:\/\/archive.sana.sy\/tr\/index.php?rest_route=%2Fwp%2Fv2%2Fmedia&parent=164295"}],"wp:term":[{"taxonomy":"category","embeddable":true,"href":"https:\/\/archive.sana.sy\/tr\/index.php?rest_route=%2Fwp%2Fv2%2Fcategories&post=164295"},{"taxonomy":"post_tag","embeddable":true,"href":"https:\/\/archive.sana.sy\/tr\/index.php?rest_route=%2Fwp%2Fv2%2Ftags&post=164295"}],"curies":[{"name":"wp","href":"https:\/\/api.w.org\/{rel}","templated":true}]}}