{"id":164301,"date":"2018-10-26T17:00:29","date_gmt":"2018-10-26T15:00:29","guid":{"rendered":"https:\/\/www.sana.sy\/tr\/?p=164301"},"modified":"2018-10-26T17:00:29","modified_gmt":"2018-10-26T15:00:29","slug":"caferi-suriye-idlibin-teroristler-icin-yeni-magaralara-donusmesine-izin-vermeyecektir","status":"publish","type":"post","link":"https:\/\/archive.sana.sy\/tr\/?p=164301","title":{"rendered":"Caferi: Suriye, \u0130dlib&#8217;in ter\u00f6ristler i\u00e7in yeni ma\u011faralara d\u00f6n\u00fc\u015fmesine izin vermeyecektir"},"content":{"rendered":"<p>Caferi: Suriye, \u0130dlib&#8217;in ter\u00f6ristler i\u00e7in yeni ma\u011faralara d\u00f6n\u00fc\u015fmesine izin vermeyecektir<\/p>\n","protected":false},"excerpt":{"rendered":"<p>Caferi: Suriye, \u0130dlib&#8217;in ter\u00f6ristler i\u00e7in yeni ma\u011faralara d\u00f6n\u00fc\u015fmesine izin vermeyecektir<\/p>\n","protected":false},"author":1,"featured_media":0,"comment_status":"closed","ping_status":"closed","sticky":false,"template":"","format":"standard","meta":{"footnotes":""},"categories":[17991],"tags":[],"class_list":["post-164301","post","type-post","status-publish","format-standard","","category-son-dakika"],"_links":{"self":[{"href":"https:\/\/archive.sana.sy\/tr\/index.php?rest_route=\/wp\/v2\/posts\/164301","targetHints":{"allow":["GET"]}}],"collection":[{"href":"https:\/\/archive.sana.sy\/tr\/index.php?rest_route=\/wp\/v2\/posts"}],"about":[{"href":"https:\/\/archive.sana.sy\/tr\/index.php?rest_route=\/wp\/v2\/types\/post"}],"author":[{"embeddable":true,"href":"https:\/\/archive.sana.sy\/tr\/index.php?rest_route=\/wp\/v2\/users\/1"}],"replies":[{"embeddable":true,"href":"https:\/\/archive.sana.sy\/tr\/index.php?rest_route=%2Fwp%2Fv2%2Fcomments&post=164301"}],"version-history":[{"count":0,"href":"https:\/\/archive.sana.sy\/tr\/index.php?rest_route=\/wp\/v2\/posts\/164301\/revisions"}],"wp:attachment":[{"href":"https:\/\/archive.sana.sy\/tr\/index.php?rest_route=%2Fwp%2Fv2%2Fmedia&parent=164301"}],"wp:term":[{"taxonomy":"category","embeddable":true,"href":"https:\/\/archive.sana.sy\/tr\/index.php?rest_route=%2Fwp%2Fv2%2Fcategories&post=164301"},{"taxonomy":"post_tag","embeddable":true,"href":"https:\/\/archive.sana.sy\/tr\/index.php?rest_route=%2Fwp%2Fv2%2Ftags&post=164301"}],"curies":[{"name":"wp","href":"https:\/\/api.w.org\/{rel}","templated":true}]}}