{"id":164353,"date":"2018-10-27T15:52:28","date_gmt":"2018-10-27T13:52:28","guid":{"rendered":"https:\/\/www.sana.sy\/tr\/?p=164353"},"modified":"2018-10-27T15:52:28","modified_gmt":"2018-10-27T13:52:28","slug":"suriyenin-bm-daimi-temsilcisi-el-caferi-bmgk-oturumunda-suriye-adina-konusuyor","status":"publish","type":"post","link":"https:\/\/archive.sana.sy\/tr\/?p=164353","title":{"rendered":"Suriye&#8217;nin BM daimi temsilcisi el Caferi BMGK oturumunda Suriye ad\u0131na konu\u015fuyor"},"content":{"rendered":"<p>Suriye&#8217;nin BM daimi temsilcisi el Caferi BMGK oturumunda Suriye ad\u0131na konu\u015fuyor<\/p>\n<p><iframe loading=\"lazy\" title=\"\u0645\u0646 \u0643\u0644\u0645\u0629 \u0627\u0644\u062c\u0639\u0641\u0631\u064a \u062e\u0644\u0627\u0644 \u062c\u0644\u0633\u0629 \u0644\u0645\u062c\u0644\u0633 \u0627\u0644\u0623\u0645\u0646 \u062d\u0648\u0644 \u0627\u0644\u062d\u0627\u0644\u0629 \u0641\u064a \u0627\u0644\u0634\u0631\u0642 \u0627\u0644\u0623\u0648\u0633\u0637\" width=\"618\" height=\"348\" src=\"https:\/\/www.youtube.com\/embed\/_NyXY2oZ8jE?feature=oembed\" frameborder=\"0\" allow=\"accelerometer; autoplay; clipboard-write; encrypted-media; gyroscope; picture-in-picture; web-share\" referrerpolicy=\"strict-origin-when-cross-origin\" allowfullscreen><\/iframe><\/p>\n","protected":false},"excerpt":{"rendered":"<p>Suriye&#8217;nin BM daimi temsilcisi el Caferi BMGK oturumunda Suriye ad\u0131na konu\u015fuyor<\/p>\n","protected":false},"author":1,"featured_media":164363,"comment_status":"closed","ping_status":"closed","sticky":false,"template":"","format":"standard","meta":{"footnotes":""},"categories":[18295],"tags":[],"class_list":["post-164353","post","type-post","status-publish","format-standard","has-post-thumbnail","","category-sana-video"],"_links":{"self":[{"href":"https:\/\/archive.sana.sy\/tr\/index.php?rest_route=\/wp\/v2\/posts\/164353","targetHints":{"allow":["GET"]}}],"collection":[{"href":"https:\/\/archive.sana.sy\/tr\/index.php?rest_route=\/wp\/v2\/posts"}],"about":[{"href":"https:\/\/archive.sana.sy\/tr\/index.php?rest_route=\/wp\/v2\/types\/post"}],"author":[{"embeddable":true,"href":"https:\/\/archive.sana.sy\/tr\/index.php?rest_route=\/wp\/v2\/users\/1"}],"replies":[{"embeddable":true,"href":"https:\/\/archive.sana.sy\/tr\/index.php?rest_route=%2Fwp%2Fv2%2Fcomments&post=164353"}],"version-history":[{"count":0,"href":"https:\/\/archive.sana.sy\/tr\/index.php?rest_route=\/wp\/v2\/posts\/164353\/revisions"}],"wp:featuredmedia":[{"embeddable":true,"href":"https:\/\/archive.sana.sy\/tr\/index.php?rest_route=\/wp\/v2\/media\/164363"}],"wp:attachment":[{"href":"https:\/\/archive.sana.sy\/tr\/index.php?rest_route=%2Fwp%2Fv2%2Fmedia&parent=164353"}],"wp:term":[{"taxonomy":"category","embeddable":true,"href":"https:\/\/archive.sana.sy\/tr\/index.php?rest_route=%2Fwp%2Fv2%2Fcategories&post=164353"},{"taxonomy":"post_tag","embeddable":true,"href":"https:\/\/archive.sana.sy\/tr\/index.php?rest_route=%2Fwp%2Fv2%2Ftags&post=164353"}],"curies":[{"name":"wp","href":"https:\/\/api.w.org\/{rel}","templated":true}]}}