{"id":164370,"date":"2018-10-27T17:15:19","date_gmt":"2018-10-27T15:15:19","guid":{"rendered":"https:\/\/www.sana.sy\/tr\/?p=164370"},"modified":"2018-10-28T14:38:00","modified_gmt":"2018-10-28T12:38:00","slug":"dunya-baris-konseyi-calismalari-samda-basladi","status":"publish","type":"post","link":"https:\/\/archive.sana.sy\/tr\/?p=164370","title":{"rendered":"D\u00fcnya Bar\u0131\u015f Konseyi \u00c7al\u0131\u015fmalar\u0131 \u015eam\u2019da Ba\u015flad\u0131 (video)"},"content":{"rendered":"<p>\u015eAM \u2013 Suriye&#8217;de Bar\u0131\u015f Yanl\u0131lar\u0131 Hareketinin ulusal meclisinin daveti \u00fczerine D\u00fcnya Bar\u0131\u015f Konseyi (World Peace Council- WPC) toplant\u0131lar\u0131 bug\u00fcn \u015eam \u00dcniversitesi R\u0131za Sait Konferans Salonunda ba\u015flad\u0131.<\/p>\n<p>Ulusal \u00d6\u011frenci Birli\u011finin organizasyonunda d\u00fczenlenen a\u00e7\u0131l\u0131\u015f toplant\u0131s\u0131nda konu\u015fan WPC Ba\u015fkan\u0131 Maria Do Socorro Gomes bu toplant\u0131lar\u0131n ba\u015fkent \u015eam\u2019da d\u00fczenlenmesinin \u00f6nemine dikkat \u00e7ekti.<\/p>\n<p><a href=\"https:\/\/www.sana.sy\/tr\/wp-content\/uploads\/2018\/10\/5-14.jpg\"><img loading=\"lazy\" decoding=\"async\" class=\"alignright wp-image-164374 size-medium\" src=\"https:\/\/www.sana.sy\/tr\/wp-content\/uploads\/2018\/10\/5-14-300x200.jpg\" alt=\"\" width=\"300\" height=\"200\" srcset=\"https:\/\/archive.sana.sy\/tr\/wp-content\/uploads\/2018\/10\/5-14-300x200.jpg 300w, https:\/\/archive.sana.sy\/tr\/wp-content\/uploads\/2018\/10\/5-14-150x100.jpg 150w, https:\/\/archive.sana.sy\/tr\/wp-content\/uploads\/2018\/10\/5-14.jpg 660w\" sizes=\"auto, (max-width: 300px) 100vw, 300px\" \/><\/a>Gomes y\u0131llard\u0131r uluslar aras\u0131 zalim bir sava\u015fa maruz kalan Suriye ile dayan\u0131\u015fmalar\u0131n\u0131 ifade etmek i\u00e7in toplant\u0131lar\u0131n \u015eam\u2019da d\u00fczenlenmesinin d\u00fcnyaya bir mesaj ta\u015f\u0131d\u0131\u011f\u0131n\u0131 ifade etti. Suriye&#8217;nin tarihi b\u00fcy\u00fck bir medeniyet ve asalete sahip oldu\u011funu belirten Gomes; egemen ve onurlu bir devlete kar\u015f\u0131 y\u0131llard\u0131r y\u00fcr\u00fct\u00fclen bu sava\u015fta ger\u00e7eklerin \u00e7arp\u0131t\u0131lmas\u0131 ve ter\u00f6r\u00fcn edat olarak kullan\u0131lmas\u0131n\u0131 keskin bir dille k\u0131nad\u0131.<\/p>\n<p>Suriye&#8217;ye kar\u015f\u0131 y\u00fcr\u00fct\u00fclen bu muhtelif y\u00f6nl\u00fc sava\u015f\u0131n b\u00fcy\u00fck Ortado\u011fu projesi kapsam\u0131nda geldi\u011finin art\u0131k herkes taraf\u0131ndan bilindi\u011fini ifade eden Gomes, t\u00fcm bunlar\u0131n \u0130srail\u2019e hizmet olarak yap\u0131ld\u0131\u011f\u0131n\u0131 kaydetti.<\/p>\n<p>Toplant\u0131larda yap\u0131lan konu\u015fmalarda Suriye ile dayan\u0131\u015fma ifade edilirken, Suriye halk\u0131 i\u00e7in timsah g\u00f6zya\u015flar\u0131 d\u00f6k\u00fcp ter\u00f6re her t\u00fcrl\u00fc deste\u011fi temin eden d\u0131\u015f g\u00fc\u00e7ler keskin ifadelerle k\u0131nand\u0131.<\/p>\n<p><iframe loading=\"lazy\" title=\"\u0645\u062c\u0644\u0633 \u0627\u0644\u0633\u0644\u0645 \u0627\u0644\u0639\u0627\u0644\u0645\u064a \u0628\u062f\u0645\u0634\u0642\" width=\"618\" height=\"348\" src=\"https:\/\/www.youtube.com\/embed\/JMTMPv1nvVc?feature=oembed\" frameborder=\"0\" allow=\"accelerometer; autoplay; clipboard-write; encrypted-media; gyroscope; picture-in-picture; web-share\" referrerpolicy=\"strict-origin-when-cross-origin\" allowfullscreen><\/iframe><\/p>\n","protected":false},"excerpt":{"rendered":"<p>\u015eAM \u2013 Suriye&#8217;de Bar\u0131\u015f Yanl\u0131lar\u0131 Hareketinin ulusal meclisinin daveti \u00fczerine D\u00fcnya Bar\u0131\u015f Konseyi (World Peace Council- WPC) toplant\u0131lar\u0131 bug\u00fcn \u015eam \u00dcniversitesi R\u0131za Sait Konferans Salonunda ba\u015flad\u0131. Ulusal \u00d6\u011frenci Birli\u011finin organizasyonunda d\u00fczenlenen a\u00e7\u0131l\u0131\u015f toplant\u0131s\u0131nda konu\u015fan WPC Ba\u015fkan\u0131 Maria Do Socorro Gomes bu toplant\u0131lar\u0131n ba\u015fkent \u015eam\u2019da d\u00fczenlenmesinin \u00f6nemine dikkat \u00e7ekti. Gomes y\u0131llard\u0131r uluslar aras\u0131 zalim bir sava\u015fa &hellip;<\/p>\n","protected":false},"author":1,"featured_media":164372,"comment_status":"closed","ping_status":"closed","sticky":false,"template":"","format":"standard","meta":{"footnotes":""},"categories":[479,17988,478],"tags":[37746,2755,18782,16591,37747],"class_list":["post-164370","post","type-post","status-publish","format-standard","has-post-thumbnail","","category-haberler-yerel","category-son-haberler","category-yerel","tag-world-peace-council-wpc","tag-sam","tag-sam-universitesi","tag-suriye","tag-ulusal-ogrenci-birliginin"],"_links":{"self":[{"href":"https:\/\/archive.sana.sy\/tr\/index.php?rest_route=\/wp\/v2\/posts\/164370","targetHints":{"allow":["GET"]}}],"collection":[{"href":"https:\/\/archive.sana.sy\/tr\/index.php?rest_route=\/wp\/v2\/posts"}],"about":[{"href":"https:\/\/archive.sana.sy\/tr\/index.php?rest_route=\/wp\/v2\/types\/post"}],"author":[{"embeddable":true,"href":"https:\/\/archive.sana.sy\/tr\/index.php?rest_route=\/wp\/v2\/users\/1"}],"replies":[{"embeddable":true,"href":"https:\/\/archive.sana.sy\/tr\/index.php?rest_route=%2Fwp%2Fv2%2Fcomments&post=164370"}],"version-history":[{"count":0,"href":"https:\/\/archive.sana.sy\/tr\/index.php?rest_route=\/wp\/v2\/posts\/164370\/revisions"}],"wp:featuredmedia":[{"embeddable":true,"href":"https:\/\/archive.sana.sy\/tr\/index.php?rest_route=\/wp\/v2\/media\/164372"}],"wp:attachment":[{"href":"https:\/\/archive.sana.sy\/tr\/index.php?rest_route=%2Fwp%2Fv2%2Fmedia&parent=164370"}],"wp:term":[{"taxonomy":"category","embeddable":true,"href":"https:\/\/archive.sana.sy\/tr\/index.php?rest_route=%2Fwp%2Fv2%2Fcategories&post=164370"},{"taxonomy":"post_tag","embeddable":true,"href":"https:\/\/archive.sana.sy\/tr\/index.php?rest_route=%2Fwp%2Fv2%2Ftags&post=164370"}],"curies":[{"name":"wp","href":"https:\/\/api.w.org\/{rel}","templated":true}]}}