{"id":164385,"date":"2018-10-28T12:56:03","date_gmt":"2018-10-28T10:56:03","guid":{"rendered":"https:\/\/www.sana.sy\/tr\/?p=164385"},"modified":"2018-10-29T13:22:29","modified_gmt":"2018-10-29T11:22:29","slug":"golanli-yurttaslarimiz-israil-dayatmalarini-protesto-etmeye-devam-ediyorlar","status":"publish","type":"post","link":"https:\/\/archive.sana.sy\/tr\/?p=164385","title":{"rendered":"Golanl\u0131 Yurtta\u015flar\u0131m\u0131z \u0130srail Dayatmalar\u0131n\u0131 Protesto Etmeye Devam Ediyorlar"},"content":{"rendered":"<p>GOLAN \u2013 \u0130srail i\u015fgali alt\u0131ndaki Golan topraklar\u0131nda ya\u015fayan yurtta\u015flar\u0131m\u0131z \u0130srail\u2019in plan ve dayatmalar\u0131na kar\u015f\u0131 m\u00fccadele etme ve son olarak \u2018yerel meclis se\u00e7imleri\u2019 ad\u0131 alt\u0131nda icra etmeye \u00e7al\u0131\u015ft\u0131\u011f\u0131 dayatmalar\u0131 protesto etmeye devam ediyorlar.<\/p>\n<p>Golan topraklar\u0131n\u0131n farkl\u0131 belde ve k\u00f6ylerinde d\u00fczenlenen halk g\u00f6sterilerinde yurtta\u015flar\u0131m\u0131z \u0130srail&#8217;in bu ay\u0131n sonlar\u0131nda icra etmeye \u00e7al\u0131\u015ft\u0131\u011f\u0131 yerel idare meclisleri se\u00e7imlerini mutlak bir \u015fekilde reddettiklerini hayk\u0131rd\u0131.<\/p>\n<p>Golanl\u0131 yurtta\u015flar\u0131m\u0131z \u0130srail&#8217;in Golan ve halk\u0131n\u0131 asimile etme ve s\u00f6m\u00fcrme ama\u00e7l\u0131 t\u00fcm planlar\u0131n\u0131n Golan\u2019da g\u00f6m\u00fcld\u00fc\u011f\u00fc gibi bu plan\u0131n\u0131n da g\u00f6m\u00fclece\u011finin alt\u0131n\u0131 \u00e7izdi.<\/p>\n<p>Anavatanlar\u0131 Suriye&#8217;ye destek ve ba\u011fl\u0131l\u0131klar\u0131n\u0131 bir kez daha hayk\u0131ran Golanl\u0131lar, Golan\u2019\u0131n er ya da ge\u00e7 me\u015fru anavatan\u0131 Suriye&#8217;ye d\u00f6nece\u011fini vurgulad\u0131lar.<\/p>\n","protected":false},"excerpt":{"rendered":"<p>GOLAN \u2013 \u0130srail i\u015fgali alt\u0131ndaki Golan topraklar\u0131nda ya\u015fayan yurtta\u015flar\u0131m\u0131z \u0130srail\u2019in plan ve dayatmalar\u0131na kar\u015f\u0131 m\u00fccadele etme ve son olarak \u2018yerel meclis se\u00e7imleri\u2019 ad\u0131 alt\u0131nda icra etmeye \u00e7al\u0131\u015ft\u0131\u011f\u0131 dayatmalar\u0131 protesto etmeye devam ediyorlar. Golan topraklar\u0131n\u0131n farkl\u0131 belde ve k\u00f6ylerinde d\u00fczenlenen halk g\u00f6sterilerinde yurtta\u015flar\u0131m\u0131z \u0130srail&#8217;in bu ay\u0131n sonlar\u0131nda icra etmeye \u00e7al\u0131\u015ft\u0131\u011f\u0131 yerel idare meclisleri se\u00e7imlerini mutlak bir &hellip;<\/p>\n","protected":false},"author":1,"featured_media":164386,"comment_status":"closed","ping_status":"closed","sticky":false,"template":"","format":"standard","meta":{"footnotes":""},"categories":[479,17988,478],"tags":[20648,37680,37748,5614],"class_list":["post-164385","post","type-post","status-publish","format-standard","has-post-thumbnail","","category-haberler-yerel","category-son-haberler","category-yerel","tag-golan","tag-golanli-yurttaslarimiz","tag-idare-meclisleri-secimleri","tag-israil"],"_links":{"self":[{"href":"https:\/\/archive.sana.sy\/tr\/index.php?rest_route=\/wp\/v2\/posts\/164385","targetHints":{"allow":["GET"]}}],"collection":[{"href":"https:\/\/archive.sana.sy\/tr\/index.php?rest_route=\/wp\/v2\/posts"}],"about":[{"href":"https:\/\/archive.sana.sy\/tr\/index.php?rest_route=\/wp\/v2\/types\/post"}],"author":[{"embeddable":true,"href":"https:\/\/archive.sana.sy\/tr\/index.php?rest_route=\/wp\/v2\/users\/1"}],"replies":[{"embeddable":true,"href":"https:\/\/archive.sana.sy\/tr\/index.php?rest_route=%2Fwp%2Fv2%2Fcomments&post=164385"}],"version-history":[{"count":0,"href":"https:\/\/archive.sana.sy\/tr\/index.php?rest_route=\/wp\/v2\/posts\/164385\/revisions"}],"wp:featuredmedia":[{"embeddable":true,"href":"https:\/\/archive.sana.sy\/tr\/index.php?rest_route=\/wp\/v2\/media\/164386"}],"wp:attachment":[{"href":"https:\/\/archive.sana.sy\/tr\/index.php?rest_route=%2Fwp%2Fv2%2Fmedia&parent=164385"}],"wp:term":[{"taxonomy":"category","embeddable":true,"href":"https:\/\/archive.sana.sy\/tr\/index.php?rest_route=%2Fwp%2Fv2%2Fcategories&post=164385"},{"taxonomy":"post_tag","embeddable":true,"href":"https:\/\/archive.sana.sy\/tr\/index.php?rest_route=%2Fwp%2Fv2%2Ftags&post=164385"}],"curies":[{"name":"wp","href":"https:\/\/api.w.org\/{rel}","templated":true}]}}