{"id":164396,"date":"2018-10-28T14:00:15","date_gmt":"2018-10-28T12:00:15","guid":{"rendered":"https:\/\/www.sana.sy\/tr\/?p=164396"},"modified":"2018-10-29T13:22:22","modified_gmt":"2018-10-29T11:22:22","slug":"hasekede-fakulte-binalari-onarim-calismalari-devam-ediyor","status":"publish","type":"post","link":"https:\/\/archive.sana.sy\/tr\/?p=164396","title":{"rendered":"Haseke\u2019de Fak\u00fclte Binalar\u0131 Onar\u0131m \u00c7al\u0131\u015fmalar\u0131 Devam Ediyor"},"content":{"rendered":"<p>HASEKE \u2013 Haseke\u2019de ter\u00f6ristlerin daha \u00f6nce bulunduklar\u0131 sald\u0131r\u0131lar sonucunda sabote edilip ya\u011fmalanan F\u0131rat \u00dcniversitesine tabi fak\u00fclte binalar\u0131n\u0131n onarma ve yeniden hizmete a\u00e7ma \u00e7al\u0131\u015fmalar\u0131n\u0131n %75\u2019i tamamland\u0131.<\/p>\n<p>Askeri \u0130skan Kurumu taraf\u0131ndan y\u00fcr\u00fct\u00fclen onar\u0131m \u00e7al\u0131\u015fmalar\u0131nda F\u0131rat \u00dcniversitesine tabi olarak Haseke \u0130linde bulunan fak\u00fclte binalar\u0131n\u0131n yan\u0131 s\u0131ra \u00fcniversite \u00f6\u011fretim kadrosunun binas\u0131 ve \u00f6\u011frenci yurdu da onar\u0131l\u0131yor.<\/p>\n","protected":false},"excerpt":{"rendered":"<p>HASEKE \u2013 Haseke\u2019de ter\u00f6ristlerin daha \u00f6nce bulunduklar\u0131 sald\u0131r\u0131lar sonucunda sabote edilip ya\u011fmalanan F\u0131rat \u00dcniversitesine tabi fak\u00fclte binalar\u0131n\u0131n onarma ve yeniden hizmete a\u00e7ma \u00e7al\u0131\u015fmalar\u0131n\u0131n %75\u2019i tamamland\u0131. Askeri \u0130skan Kurumu taraf\u0131ndan y\u00fcr\u00fct\u00fclen onar\u0131m \u00e7al\u0131\u015fmalar\u0131nda F\u0131rat \u00dcniversitesine tabi olarak Haseke \u0130linde bulunan fak\u00fclte binalar\u0131n\u0131n yan\u0131 s\u0131ra \u00fcniversite \u00f6\u011fretim kadrosunun binas\u0131 ve \u00f6\u011frenci yurdu da onar\u0131l\u0131yor.<\/p>\n","protected":false},"author":1,"featured_media":164398,"comment_status":"closed","ping_status":"closed","sticky":false,"template":"","format":"standard","meta":{"footnotes":""},"categories":[479,17988,478],"tags":[23713,1140,37751,35855,2930],"class_list":["post-164396","post","type-post","status-publish","format-standard","has-post-thumbnail","","category-haberler-yerel","category-son-haberler","category-yerel","tag-firat-universitesi","tag-haseke","tag-hizmete","tag-onarim","tag-teroristler"],"_links":{"self":[{"href":"https:\/\/archive.sana.sy\/tr\/index.php?rest_route=\/wp\/v2\/posts\/164396","targetHints":{"allow":["GET"]}}],"collection":[{"href":"https:\/\/archive.sana.sy\/tr\/index.php?rest_route=\/wp\/v2\/posts"}],"about":[{"href":"https:\/\/archive.sana.sy\/tr\/index.php?rest_route=\/wp\/v2\/types\/post"}],"author":[{"embeddable":true,"href":"https:\/\/archive.sana.sy\/tr\/index.php?rest_route=\/wp\/v2\/users\/1"}],"replies":[{"embeddable":true,"href":"https:\/\/archive.sana.sy\/tr\/index.php?rest_route=%2Fwp%2Fv2%2Fcomments&post=164396"}],"version-history":[{"count":0,"href":"https:\/\/archive.sana.sy\/tr\/index.php?rest_route=\/wp\/v2\/posts\/164396\/revisions"}],"wp:featuredmedia":[{"embeddable":true,"href":"https:\/\/archive.sana.sy\/tr\/index.php?rest_route=\/wp\/v2\/media\/164398"}],"wp:attachment":[{"href":"https:\/\/archive.sana.sy\/tr\/index.php?rest_route=%2Fwp%2Fv2%2Fmedia&parent=164396"}],"wp:term":[{"taxonomy":"category","embeddable":true,"href":"https:\/\/archive.sana.sy\/tr\/index.php?rest_route=%2Fwp%2Fv2%2Fcategories&post=164396"},{"taxonomy":"post_tag","embeddable":true,"href":"https:\/\/archive.sana.sy\/tr\/index.php?rest_route=%2Fwp%2Fv2%2Ftags&post=164396"}],"curies":[{"name":"wp","href":"https:\/\/api.w.org\/{rel}","templated":true}]}}