{"id":164400,"date":"2018-10-28T14:37:29","date_gmt":"2018-10-28T12:37:29","guid":{"rendered":"https:\/\/www.sana.sy\/tr\/?p=164400"},"modified":"2018-10-29T12:30:40","modified_gmt":"2018-10-29T10:30:40","slug":"hizmetsel-ve-bilimsel-saglik-kurumu-olacak","status":"publish","type":"post","link":"https:\/\/archive.sana.sy\/tr\/?p=164400","title":{"rendered":"Hizmetsel ve Bilimsel Sa\u011fl\u0131k Kurumu Olacak"},"content":{"rendered":"<p>\u015eAM \u2013 Cumhurba\u015fkan\u0131 Be\u015f\u015far el Esad bug\u00fcn \u015eehba Sa\u011fl\u0131k Kurumunun kurulmas\u0131n\u0131 \u00f6ng\u00f6ren 2018\/336 say\u0131l\u0131 kararnameyi onaylad\u0131.<\/p>\n<p>Kararname gere\u011fince kurulacak sa\u011fl\u0131k kurumu bilimsel ve e\u011fitimsel hizmetlerinin yan\u0131 s\u0131ra sa\u011fl\u0131k hizmetleri temin etmekle birlikte mali ve idari t\u00fczel bir ki\u015fili\u011fe sahip olacak.<\/p>\n","protected":false},"excerpt":{"rendered":"<p>\u015eAM \u2013 Cumhurba\u015fkan\u0131 Be\u015f\u015far el Esad bug\u00fcn \u015eehba Sa\u011fl\u0131k Kurumunun kurulmas\u0131n\u0131 \u00f6ng\u00f6ren 2018\/336 say\u0131l\u0131 kararnameyi onaylad\u0131. Kararname gere\u011fince kurulacak sa\u011fl\u0131k kurumu bilimsel ve e\u011fitimsel hizmetlerinin yan\u0131 s\u0131ra sa\u011fl\u0131k hizmetleri temin etmekle birlikte mali ve idari t\u00fczel bir ki\u015fili\u011fe sahip olacak.<\/p>\n","protected":false},"author":1,"featured_media":148639,"comment_status":"closed","ping_status":"closed","sticky":false,"template":"","format":"standard","meta":{"footnotes":""},"categories":[479,605,17988,612,599,478],"tags":[19968,5016,8767,37753,20113,29770,37752],"class_list":["post-164400","post","type-post","status-publish","format-standard","has-post-thumbnail","","category-haberler-yerel","category-sayin-cumhurbaskani","category-son-haberler","category-yasama-kararnameler","category-yasama-ve-kanunlar","category-yerel","tag-bessar-esad","tag-bilimsel","tag-cumhurbaskani","tag-egitimsel","tag-esad","tag-saglik-hizmetleri","tag-sehba-saglik-kurumu"],"_links":{"self":[{"href":"https:\/\/archive.sana.sy\/tr\/index.php?rest_route=\/wp\/v2\/posts\/164400","targetHints":{"allow":["GET"]}}],"collection":[{"href":"https:\/\/archive.sana.sy\/tr\/index.php?rest_route=\/wp\/v2\/posts"}],"about":[{"href":"https:\/\/archive.sana.sy\/tr\/index.php?rest_route=\/wp\/v2\/types\/post"}],"author":[{"embeddable":true,"href":"https:\/\/archive.sana.sy\/tr\/index.php?rest_route=\/wp\/v2\/users\/1"}],"replies":[{"embeddable":true,"href":"https:\/\/archive.sana.sy\/tr\/index.php?rest_route=%2Fwp%2Fv2%2Fcomments&post=164400"}],"version-history":[{"count":0,"href":"https:\/\/archive.sana.sy\/tr\/index.php?rest_route=\/wp\/v2\/posts\/164400\/revisions"}],"wp:featuredmedia":[{"embeddable":true,"href":"https:\/\/archive.sana.sy\/tr\/index.php?rest_route=\/wp\/v2\/media\/148639"}],"wp:attachment":[{"href":"https:\/\/archive.sana.sy\/tr\/index.php?rest_route=%2Fwp%2Fv2%2Fmedia&parent=164400"}],"wp:term":[{"taxonomy":"category","embeddable":true,"href":"https:\/\/archive.sana.sy\/tr\/index.php?rest_route=%2Fwp%2Fv2%2Fcategories&post=164400"},{"taxonomy":"post_tag","embeddable":true,"href":"https:\/\/archive.sana.sy\/tr\/index.php?rest_route=%2Fwp%2Fv2%2Ftags&post=164400"}],"curies":[{"name":"wp","href":"https:\/\/api.w.org\/{rel}","templated":true}]}}